{"id":31371,"date":"2012-12-29T00:05:32","date_gmt":"2012-12-29T03:05:32","guid":{"rendered":"http:\/\/www.elsindical.com.ar\/notas\/?p=31371"},"modified":"2012-12-29T00:05:32","modified_gmt":"2012-12-29T03:05:32","slug":"campanadetuvieron-a-dirigente-de-camioneros","status":"publish","type":"post","link":"https:\/\/www.elsindical.com.ar\/notas\/campanadetuvieron-a-dirigente-de-camioneros\/","title":{"rendered":"Campana:Detuvieron a dirigente de camioneros"},"content":{"rendered":"<p style=\"text-align: justify;\"><em>E<img loading=\"lazy\" decoding=\"async\" class=\"alignleft size-medium wp-image-31372\" alt=\"H\u00e9ctor-Gonz\u00e1lez\" src=\"http:\/\/www.elsindical.com.ar\/notas\/var\/www\/html\/notas\/wp-content\/uploads\/2012\/12\/H\u00e9ctor-Gonz\u00e1lez-300x224.jpg\" width=\"300\" height=\"224\" srcset=\"https:\/\/www.elsindical.com.ar\/notas\/var\/www\/html\/notas\/wp-content\/uploads\/2012\/12\/H\u00e9ctor-Gonz\u00e1lez-300x224.jpg 300w, https:\/\/www.elsindical.com.ar\/notas\/var\/www\/html\/notas\/wp-content\/uploads\/2012\/12\/H\u00e9ctor-Gonz\u00e1lez-400x300.jpg 400w, https:\/\/www.elsindical.com.ar\/notas\/var\/www\/html\/notas\/wp-content\/uploads\/2012\/12\/H\u00e9ctor-Gonz\u00e1lez.jpg 502w\" sizes=\"auto, (max-width: 300px) 100vw, 300px\" \/>l sindicalista <strong>H\u00e9ctor \u00abParaguayo\u00bb Gonz\u00e1lez<\/strong> dirige la filial de Campana del gremio que lidera <strong>Hugo Moyano<\/strong>. El Gobierno lo hab\u00eda apuntado por los hechos vand\u00e1licos. Lo detuvieron por un episodio vinculado a barras.<\/em><\/p>\n<p style=\"text-align: justify;\">Luego de saqueos en Bariloche, Chaco, Rosario, Villa Gobernador G\u00e1lvez y Campana, entre otros, el subsecretario de Seguridad, <strong>Sergio Berni<\/strong>, denunci\u00f3: \u00abEsto es algo organizado, que corresponde a cuestiones pol\u00edticas. <strong>Hay un sector de la Argentina que quiere te\u00f1ir de sangre las Fiestas<\/strong>\u00ab.<\/p>\n<p style=\"text-align: justify;\">Berni apunt\u00f3 contra un tal Jorge Villalba, cercano al dirigente de la CTA opositora que conduce Pablo Micheli, y a H\u00e9ctor \u00abEl Paraguayo\u00bb Gonz\u00e1lez<strong>,<\/strong><strong> secretario adjunto del gremio de los camioneros<\/strong><strong> en Campana<\/strong><strong>, a quien varios testigos ubicaron en el lugar de los hechos.<\/strong><\/p>\n<p style=\"text-align: justify;\">\u201cEl Paraguayo\u201d, de 46 a\u00f1os, es miembro de la <strong>barra brava de Villa D\u00e1lmine<\/strong>. No es un hincha m\u00e1s. Integr\u00f3 el grupo de \u201cviolentos\u201d que viaj\u00f3 a Mundial de Sud\u00e1frica 2010.<\/p>\n<p style=\"text-align: justify;\">Y en ese marco fue apresado. Seg\u00fan inform\u00f3 <em>Perfil<\/em>, lo acusan <strong>de atacar un colectivo que transportaba a una facci\u00f3n de la hinchada del \u201cVioleta\u201d <\/strong>con la que su grupo est\u00e1 enfrentada.<\/p>\n","protected":false},"excerpt":{"rendered":"<p>El sindicalista H\u00e9ctor \u00abParaguayo\u00bb Gonz\u00e1lez dirige la filial de Campana del gremio que lidera Hugo Moyano. El Gobierno lo hab\u00eda apuntado por los hechos vand\u00e1licos. Lo detuvieron por un episodio vinculado a barras. Luego de saqueos en Bariloche, Chaco, Rosario, Villa Gobernador G\u00e1lvez y Campana, entre otros, el subsecretario de Seguridad, Sergio Berni, denunci\u00f3: \u00abEsto&hellip;<\/p>\n","protected":false},"author":1,"featured_media":0,"comment_status":"open","ping_status":"open","sticky":false,"template":"","format":"standard","meta":{"footnotes":""},"categories":[22],"tags":[3423,1298,3027,873,14561,77,14560,2208,14562],"class_list":["post-31371","post","type-post","status-publish","format-standard","hentry","category-policiales","tag-bariloche","tag-camioneros","tag-campana","tag-gremio","tag-hector-paraguayo-gonzalez","tag-hugo-moyano","tag-jorge-villalba","tag-rosario","tag-villa-gobernador-galvez"],"_links":{"self":[{"href":"https:\/\/www.elsindical.com.ar\/notas\/wp-json\/wp\/v2\/posts\/31371","targetHints":{"allow":["GET"]}}],"collection":[{"href":"https:\/\/www.elsindical.com.ar\/notas\/wp-json\/wp\/v2\/posts"}],"about":[{"href":"https:\/\/www.elsindical.com.ar\/notas\/wp-json\/wp\/v2\/types\/post"}],"author":[{"embeddable":true,"href":"https:\/\/www.elsindical.com.ar\/notas\/wp-json\/wp\/v2\/users\/1"}],"replies":[{"embeddable":true,"href":"https:\/\/www.elsindical.com.ar\/notas\/wp-json\/wp\/v2\/comments?post=31371"}],"version-history":[{"count":1,"href":"https:\/\/www.elsindical.com.ar\/notas\/wp-json\/wp\/v2\/posts\/31371\/revisions"}],"predecessor-version":[{"id":31373,"href":"https:\/\/www.elsindical.com.ar\/notas\/wp-json\/wp\/v2\/posts\/31371\/revisions\/31373"}],"wp:attachment":[{"href":"https:\/\/www.elsindical.com.ar\/notas\/wp-json\/wp\/v2\/media?parent=31371"}],"wp:term":[{"taxonomy":"category","embeddable":true,"href":"https:\/\/www.elsindical.com.ar\/notas\/wp-json\/wp\/v2\/categories?post=31371"},{"taxonomy":"post_tag","embeddable":true,"href":"https:\/\/www.elsindical.com.ar\/notas\/wp-json\/wp\/v2\/tags?post=31371"}],"curies":[{"name":"wp","href":"https:\/\/api.w.org\/{rel}","templated":true}]}}