{"id":31363,"date":"2012-12-28T19:16:31","date_gmt":"2012-12-28T22:16:31","guid":{"rendered":"http:\/\/www.elsindical.com.ar\/notas\/?p=31363"},"modified":"2012-12-28T19:16:31","modified_gmt":"2012-12-28T22:16:31","slug":"chileluego-de-40-anos-ordenan-detener-al-asesino-del-cantante-victor-jara","status":"publish","type":"post","link":"https:\/\/www.elsindical.com.ar\/notas\/chileluego-de-40-anos-ordenan-detener-al-asesino-del-cantante-victor-jara\/","title":{"rendered":"Chile:Luego de 40 a\u00f1os ordenan detener al asesino del cantante V\u00edctor Jara"},"content":{"rendered":"<p style=\"text-align: justify;\"><em><img loading=\"lazy\" decoding=\"async\" class=\"alignleft size-medium wp-image-31364\" alt=\"V\u00edctor-Jara\" src=\"http:\/\/www.elsindical.com.ar\/notas\/var\/www\/html\/notas\/wp-content\/uploads\/2012\/12\/V\u00edctor-Jara-300x224.jpg\" width=\"300\" height=\"224\" srcset=\"https:\/\/www.elsindical.com.ar\/notas\/var\/www\/html\/notas\/wp-content\/uploads\/2012\/12\/V\u00edctor-Jara-300x224.jpg 300w, https:\/\/www.elsindical.com.ar\/notas\/var\/www\/html\/notas\/wp-content\/uploads\/2012\/12\/V\u00edctor-Jara-400x300.jpg 400w, https:\/\/www.elsindical.com.ar\/notas\/var\/www\/html\/notas\/wp-content\/uploads\/2012\/12\/V\u00edctor-Jara.jpg 502w\" sizes=\"auto, (max-width: 300px) 100vw, 300px\" \/>En total son<strong> siete <\/strong>los ex militares implicados en el<strong> secuestro, tortura <\/strong>y posterior<strong> homicidio<\/strong> del cantautor trasandino, <strong>acribillado a balazos en 1973, <\/strong>a d\u00edas del golpe de Estado comandado por el ex dictador <strong>Pinochet<\/strong>.<\/em><\/p>\n<div style=\"text-align: justify;\">\n<p>La Justicia chilena orden\u00f3 hoy detener a<strong> siete militares<\/strong> en retiro acusados de ser<strong> autores y c\u00f3mplices<\/strong> del asesinato del cantautor <strong>V\u00edctor Jara<\/strong>, acribillado con 44 tiros el 16 de septiembre de 1973.<\/p>\n<p>El juez especial <strong>Miguel V\u00e1squez<\/strong>, tras establecer los detalles del crimen, apunt\u00f3 como ejecutores del homicidio a los tenientes <strong>Hugo S\u00e1nchez y Pedro Barrientos<\/strong>, este \u00faltimo residente en Estados Unidos. El magistrado adem\u00e1s identific\u00f3 como c\u00f3mplices a los ex oficiales<strong> Roberto Souper, Ra\u00fal Jofr\u00e9, Edwin Dimter, Nelson Hasse y Luis Bethke<\/strong>, todos ya capturados.<\/p>\n<p>V\u00edctor Jara fue un intelectual comunista que apoy\u00f3 el gobierno socialista de<strong> Salvador Allende (1970-1973)<\/strong>, derrocado por el golpe militar del general <strong>Augusto Pinochet<\/strong> el 11 de septiembre de 1973.<\/p>\n<p>El d\u00eda de la asonada, V\u00edctor Jara, autor de \u00abTe recuerdo Amanda\u00bb y \u00abEl cigarrito\u00bb,<strong> intent\u00f3 resistir el avance militar<\/strong> junto a miles de estudiantes en la ex Universidad T\u00e9cnica del Estado, hoy Universidad de Santiago de Chile. Los militares lo apresaron y lo sometieron a torturas continuas. <strong>Le quebraron sus mu\u00f1ecas y deformaron su rostro<\/strong>, golpe\u00e1ndolo con las culatas de sus armas. \u00abCanto que mal me sales cuando tengo que cantar espanto\u00bb, escribi\u00f3 Jara en esas horas en un papel arrugado que otros presos lograron sacar del Estadio Chile, convertido en<strong> campo de torturas.<\/strong><\/p>\n<p>El l\u00edder estudiantil <strong>Osiel N\u00fa\u00f1ez<\/strong> narr\u00f3 a DPA que el artista tuvo conciencia de que ser\u00eda ultimado cuando fue separado del grupo de presos y obligado a ir al subterr\u00e1neo del estadio que hoy lleva su nombre. <strong>\u00abEn ese momento lo mir\u00e9 a la cara y ambos supimos que lo iban a matar\u00bb<\/strong>, evoc\u00f3 N\u00fa\u00f1ez.<\/p>\n<p>Durante el juicio, el conscripto<strong> V\u00edctor Pontigo<\/strong>, ayudante de los oficiales acusados, tambi\u00e9n detall\u00f3 ese momento. \u00abYo llev\u00e9 a V\u00edctor Jara a declarar con los tenientes y despu\u00e9s de unas tres horas escuch\u00e9 disparos, le pregunt\u00e9 al conscripto Jos\u00e9 C\u00e1ceres de d\u00f3nde ven\u00edan los disparos y me se\u00f1al\u00f3 que hab\u00edan matado a V\u00edctor Jara\u00bb, relat\u00f3 Pontigo.<\/p>\n<p>Jara, cuyos temas inmortalizaron <strong>Joan Manuel Serrat, Mercedes Sosa y Pablo Milan\u00e9s<\/strong>, entre otros, fue asesinado junto al militante comunista<strong> Litre Quiroga<\/strong>, director de prisiones. El cuerpo de Victor Jara fue arrojado an\u00f3nimamente al Cementerio General, donde fue reconocido por un funcionario, quien alert\u00f3 a su viuda, para que pudiera <strong>enterrarlo en clandestinidad.<\/strong><\/p>\n<p>En 2009, la Justicia orden\u00f3 la exhumaci\u00f3n del cuerpo y unas cincuenta cuadras de chilenos rindieron tributo a V\u00edctor Jara en su entierro definitivo. El homenaje mayor ese d\u00eda lo recibi\u00f3 el artista cuando su f\u00e9retro arrib\u00f3 a la P\u00e9rgola de las Flores, a un costado del r\u00edo Mapocho, donde un millar de personas, tras horas de espera, lanz\u00f3 claveles rojos a su paso, en un acto de honor s\u00f3lo reservado a los grandes chilenos.<strong> \u00abV\u00edctor, eres de los que nunca mueres\u00bb<\/strong>, rezaba uno de los carteles presentes esa jornada en la que destacaban vestidos de naranja los sobrevivientes ex estudiantes de la Universidad T\u00e9cnica del Estado.<\/p>\n<\/div>\n<p style=\"text-align: justify;\">\n","protected":false},"excerpt":{"rendered":"<p>En total son siete los ex militares implicados en el secuestro, tortura y posterior homicidio del cantautor trasandino, acribillado a balazos en 1973, a d\u00edas del golpe de Estado comandado por el ex dictador Pinochet. La Justicia chilena orden\u00f3 hoy detener a siete militares en retiro acusados de ser autores y c\u00f3mplices del asesinato del&hellip;<\/p>\n","protected":false},"author":1,"featured_media":0,"comment_status":"open","ping_status":"open","sticky":false,"template":"","format":"standard","meta":{"footnotes":""},"categories":[18],"tags":[363,2329,4793,14556],"class_list":["post-31363","post","type-post","status-publish","format-standard","hentry","category-internacionales","tag-asesinato","tag-homicidio","tag-militares","tag-victor-jara"],"_links":{"self":[{"href":"https:\/\/www.elsindical.com.ar\/notas\/wp-json\/wp\/v2\/posts\/31363","targetHints":{"allow":["GET"]}}],"collection":[{"href":"https:\/\/www.elsindical.com.ar\/notas\/wp-json\/wp\/v2\/posts"}],"about":[{"href":"https:\/\/www.elsindical.com.ar\/notas\/wp-json\/wp\/v2\/types\/post"}],"author":[{"embeddable":true,"href":"https:\/\/www.elsindical.com.ar\/notas\/wp-json\/wp\/v2\/users\/1"}],"replies":[{"embeddable":true,"href":"https:\/\/www.elsindical.com.ar\/notas\/wp-json\/wp\/v2\/comments?post=31363"}],"version-history":[{"count":1,"href":"https:\/\/www.elsindical.com.ar\/notas\/wp-json\/wp\/v2\/posts\/31363\/revisions"}],"predecessor-version":[{"id":31365,"href":"https:\/\/www.elsindical.com.ar\/notas\/wp-json\/wp\/v2\/posts\/31363\/revisions\/31365"}],"wp:attachment":[{"href":"https:\/\/www.elsindical.com.ar\/notas\/wp-json\/wp\/v2\/media?parent=31363"}],"wp:term":[{"taxonomy":"category","embeddable":true,"href":"https:\/\/www.elsindical.com.ar\/notas\/wp-json\/wp\/v2\/categories?post=31363"},{"taxonomy":"post_tag","embeddable":true,"href":"https:\/\/www.elsindical.com.ar\/notas\/wp-json\/wp\/v2\/tags?post=31363"}],"curies":[{"name":"wp","href":"https:\/\/api.w.org\/{rel}","templated":true}]}}