{"id":31341,"date":"2012-12-28T00:43:09","date_gmt":"2012-12-28T03:43:09","guid":{"rendered":"http:\/\/www.elsindical.com.ar\/notas\/?p=31341"},"modified":"2012-12-28T02:14:53","modified_gmt":"2012-12-28T05:14:53","slug":"familiares-de-las-victimas-recurriran-a-la-corte-por-el-sobreseimiento-de-de-la-rua","status":"publish","type":"post","link":"https:\/\/www.elsindical.com.ar\/notas\/familiares-de-las-victimas-recurriran-a-la-corte-por-el-sobreseimiento-de-de-la-rua\/","title":{"rendered":"Familiares de las v\u00edctimas recurrir\u00e1n a la Corte por el sobreseimiento de De La R\u00faa"},"content":{"rendered":"<p style=\"text-align: justify;\"><em><img loading=\"lazy\" decoding=\"async\" class=\"alignleft size-medium wp-image-31342\" alt=\"represi\u00f3n-20-de-diciembre-2001\" src=\"http:\/\/www.elsindical.com.ar\/notas\/var\/www\/html\/notas\/wp-content\/uploads\/2012\/12\/represi\u00f3n-20-de-diciembre-2001-300x200.jpg\" width=\"300\" height=\"200\" srcset=\"https:\/\/www.elsindical.com.ar\/notas\/var\/www\/html\/notas\/wp-content\/uploads\/2012\/12\/represi\u00f3n-20-de-diciembre-2001-300x200.jpg 300w, https:\/\/www.elsindical.com.ar\/notas\/var\/www\/html\/notas\/wp-content\/uploads\/2012\/12\/represi\u00f3n-20-de-diciembre-2001-449x300.jpg 449w, https:\/\/www.elsindical.com.ar\/notas\/var\/www\/html\/notas\/wp-content\/uploads\/2012\/12\/represi\u00f3n-20-de-diciembre-2001.jpg 502w\" sizes=\"auto, (max-width: 300px) 100vw, 300px\" \/>La querella de los familiares tom\u00f3 esa decisi\u00f3n tras el fallo de la C\u00e1mara de Casaci\u00f3n que dej\u00f3 firme el sobreseimiento al ex presidente de la Alianza en la causa por cinco cr\u00edmenes y cientos de heridos en la represi\u00f3n de diciembre de 2001.<\/em><\/p>\n<p style=\"text-align: justify;\">\u00abPor supuesto, no vamos a dejar las cosas as\u00ed. Vamos a ir a la Corte para que De la R\u00faa responda como responsable por el (dictado del) estado de sitio y por la muerte de nuestros compa\u00f1eros\u00bb, dijo a T\u00e9lam Mar\u00eda Arena, viuda de Gast\u00f3n Riva, uno de los cinco muertos en las inmediaciones de Plaza de Mayo.<\/p>\n<p>En el mismo sentido se pronunci\u00f3 Marta Pinedo, viuda de Alberto M\u00e1rquez, tambi\u00e9n asesinado por la represi\u00f3n policial del 20 de diciembre de 2001 en el \u00e1rea pr\u00f3xima a la Casa Rosada.<\/p>\n<p>\u00abPienso que los abogados van a recurrir\u00bb, dijo Pinedo y agreg\u00f3: \u00abAs\u00ed pasan los a\u00f1os. Ya pasaron 11 a\u00f1os\u00bb.<\/p>\n<p>Familiares de las v\u00edctimas presentar\u00e1n un recurso extraordinario federal ante la Corte Suprema, confirm\u00f3 a esta agencia Rodrigo Borda, abogado del Centro de Estudios Legales y Sociales (CELS) que representa en la causa a las familias de Riva y Diego Lamagna.<\/p>\n<p>\u00abLa sentencia (de la Casaci\u00f3n) pone a De la R\u00faa en un lugar de observador, ajeno a los hechos de ese d\u00eda (20 de diciembre), y ratifica la legalidad del estado de sitio dictado al margen del Congreso Nacional\u00bb, se\u00f1al\u00f3 Borda.<\/p>\n<p>La querella hab\u00eda cuestionado en la causa la forma en que fue decretado el estado de sitio, sin pasar por el Congreso Nacional, y tambi\u00e9n la forma en que se implement\u00f3, como si implicara un cheque en blanco para la represi\u00f3n policial.<br \/>\nNo obstante, la C\u00e1mara Federal de Casaci\u00f3n Penal rechaz\u00f3 en su fallo ambos cuestionamientos.<\/p>\n<p>\u00abNos parece que el estado de sitio fue dictado (por De la R\u00faa) al margen de lo que establece la Constituci\u00f3n Nacional\u00bb, pese a tratarse de una decisi\u00f3n de gran importancia y gravedad \u00abcomo es suspender los derechos de todos los ciudadanos\u00bb, subray\u00f3 Borda.<\/p>\n<p>Al obviar las reglas constitucionales respecto del estado de sitio, este fallo de la Casaci\u00f3n \u00abfija un est\u00e1ndar peligros\u00edsimo\u00bb, porque \u00abimplica supeditar los derechos de las personas a decisiones arbitrarias de los gobernantes de turno\u00bb, agreg\u00f3.<\/p>\n<p>En cuanto a la forma en que se implement\u00f3 el estado de sitio, Borda rechaz\u00f3 el criterio de la C\u00e1mara, que \u00abus\u00f3 un est\u00e1ndar de procedimiento de rutina\u00bb, cuando su dictado otorga al Presidente \u00abmayor poder pero tambi\u00e9n mayor responsabilidad\u00bb.<\/p>\n<p>Mar\u00eda Arena record\u00f3 al respecto que con el estado de sitio De la R\u00faa \u00abcaus\u00f3 como resultado los hechos posteriores, no s\u00f3lo los cinco muertos (en las inmediaciones de Plaza de Mayo, por los que fue juzgado en esta causa) sino los 39 muertos en todo el pa\u00eds\u00bb.<\/p>\n<p>Por su parte, Marta Pinedo dijo que el fallo de la Casaci\u00f3n \u00abera algo que pod\u00eda pasar porque en este pa\u00eds la justicia no funciona\u00bb.<\/p>\n<p>\u00abTengo bronca. De la R\u00faa y todos los responsables est\u00e1n libres, yo puedo estar caminando en la calle al lado de ellos\u00bb, expres\u00f3.<\/p>\n<p>La causa en que fue sobreseido De la R\u00faa investig\u00f3 la represi\u00f3n en los alrededores de Plaza de Mayo y la Casa Rosada, que termin\u00f3 con cinco manifestantes asesinados a balazos y cientos de heridos.<\/p>\n<p>En ese sector de la ciudad de Buenos Aires por la represi\u00f3n de fines de 2001 fueron asesinados Gustavo Benedetto, de 23 a\u00f1os; Carlos Almir\u00f3n, de 23; Diego Lamagna, de 27; Gast\u00f3n Riva, de 31 y Alberto M\u00e1rquez, de 57.<\/p>\n","protected":false},"excerpt":{"rendered":"<p>La querella de los familiares tom\u00f3 esa decisi\u00f3n tras el fallo de la C\u00e1mara de Casaci\u00f3n que dej\u00f3 firme el sobreseimiento al ex presidente de la Alianza en la causa por cinco cr\u00edmenes y cientos de heridos en la represi\u00f3n de diciembre de 2001. \u00abPor supuesto, no vamos a dejar las cosas as\u00ed. Vamos a&hellip;<\/p>\n","protected":false},"author":1,"featured_media":0,"comment_status":"open","ping_status":"open","sticky":false,"template":"","format":"standard","meta":{"footnotes":""},"categories":[20],"tags":[],"class_list":["post-31341","post","type-post","status-publish","format-standard","hentry","category-judiciales"],"_links":{"self":[{"href":"https:\/\/www.elsindical.com.ar\/notas\/wp-json\/wp\/v2\/posts\/31341","targetHints":{"allow":["GET"]}}],"collection":[{"href":"https:\/\/www.elsindical.com.ar\/notas\/wp-json\/wp\/v2\/posts"}],"about":[{"href":"https:\/\/www.elsindical.com.ar\/notas\/wp-json\/wp\/v2\/types\/post"}],"author":[{"embeddable":true,"href":"https:\/\/www.elsindical.com.ar\/notas\/wp-json\/wp\/v2\/users\/1"}],"replies":[{"embeddable":true,"href":"https:\/\/www.elsindical.com.ar\/notas\/wp-json\/wp\/v2\/comments?post=31341"}],"version-history":[{"count":2,"href":"https:\/\/www.elsindical.com.ar\/notas\/wp-json\/wp\/v2\/posts\/31341\/revisions"}],"predecessor-version":[{"id":31357,"href":"https:\/\/www.elsindical.com.ar\/notas\/wp-json\/wp\/v2\/posts\/31341\/revisions\/31357"}],"wp:attachment":[{"href":"https:\/\/www.elsindical.com.ar\/notas\/wp-json\/wp\/v2\/media?parent=31341"}],"wp:term":[{"taxonomy":"category","embeddable":true,"href":"https:\/\/www.elsindical.com.ar\/notas\/wp-json\/wp\/v2\/categories?post=31341"},{"taxonomy":"post_tag","embeddable":true,"href":"https:\/\/www.elsindical.com.ar\/notas\/wp-json\/wp\/v2\/tags?post=31341"}],"curies":[{"name":"wp","href":"https:\/\/api.w.org\/{rel}","templated":true}]}}