{"id":31299,"date":"2012-12-27T07:08:24","date_gmt":"2012-12-27T10:08:24","guid":{"rendered":"http:\/\/www.elsindical.com.ar\/notas\/?p=31299"},"modified":"2012-12-27T07:08:24","modified_gmt":"2012-12-27T10:08:24","slug":"cerraron-todas-las-causas-de-mi-sangre-en-colombia-beneficiando-su-situacion-judicial","status":"publish","type":"post","link":"https:\/\/www.elsindical.com.ar\/notas\/cerraron-todas-las-causas-de-mi-sangre-en-colombia-beneficiando-su-situacion-judicial\/","title":{"rendered":"Cerraron todas las causas de \u00abMi Sangre\u00bb en Colombia, beneficiando su situaci\u00f3n judicial"},"content":{"rendered":"<p style=\"text-align: justify;\"><em><img loading=\"lazy\" decoding=\"async\" class=\"alignleft size-medium wp-image-29030\" alt=\"jefe-narco-detenido\" src=\"http:\/\/www.elsindical.com.ar\/notas\/var\/www\/html\/notas\/wp-content\/uploads\/2012\/10\/jefe-narco-detenido-300x224.jpg\" width=\"300\" height=\"224\" srcset=\"https:\/\/www.elsindical.com.ar\/notas\/var\/www\/html\/notas\/wp-content\/uploads\/2012\/10\/jefe-narco-detenido-300x224.jpg 300w, https:\/\/www.elsindical.com.ar\/notas\/var\/www\/html\/notas\/wp-content\/uploads\/2012\/10\/jefe-narco-detenido-400x300.jpg 400w, https:\/\/www.elsindical.com.ar\/notas\/var\/www\/html\/notas\/wp-content\/uploads\/2012\/10\/jefe-narco-detenido.jpg 502w\" sizes=\"auto, (max-width: 300px) 100vw, 300px\" \/>\u00abNo tiene asuntos pendientes con las autoridades judiciales\u00bb, manifestaron desde la c\u00fapula policial de dicho pa\u00eds.<\/em><\/p>\n<p style=\"text-align: justify;\">Luego de haber sido sindicado como uno de los narcotraficantes m\u00e1s peligrosos, la Justicia colombiana decidi\u00f3 cerrar todas las causas que vinculaban a <b>Henry de Jes\u00fas L\u00f3pez Londo\u00f1o<\/b>, m\u00e1s conocido como \u00abMi Sangre\u00bb, en dicho pa\u00eds.<\/p>\n<p>\u00ab<b>No tiene asuntos pendientes con las autoridades judiciales<\/b>\u00ab, explic\u00f3 la Polic\u00eda colombiana, a pesar de que el presidente de la mencionada naci\u00f3n, Juan Manuel Santos, lo marcara como \u00abel narco m\u00e1s buscado\u00bb.<\/p>\n<p>No obstante, \u00abMi Sangre\u00bb debe afrontar todav\u00eda <b>un pedido de extradici\u00f3n a los Estados Unidos<\/b>, aunque est\u00e1 basado en informaci\u00f3n proporcionada por la Fuerza de seguridad del pa\u00eds sudamericano.<\/p>\n<p style=\"text-align: justify;\">Con esto, en la Argentina, permanecer\u00e1 procesado y detenido brevemente por falsificaci\u00f3n de identidad.<\/p>\n","protected":false},"excerpt":{"rendered":"<p>\u00abNo tiene asuntos pendientes con las autoridades judiciales\u00bb, manifestaron desde la c\u00fapula policial de dicho pa\u00eds. Luego de haber sido sindicado como uno de los narcotraficantes m\u00e1s peligrosos, la Justicia colombiana decidi\u00f3 cerrar todas las causas que vinculaban a Henry de Jes\u00fas L\u00f3pez Londo\u00f1o, m\u00e1s conocido como \u00abMi Sangre\u00bb, en dicho pa\u00eds. \u00abNo tiene asuntos&hellip;<\/p>\n","protected":false},"author":1,"featured_media":0,"comment_status":"open","ping_status":"open","sticky":false,"template":"","format":"standard","meta":{"footnotes":""},"categories":[20],"tags":[127,1984,2742,91,141,14534,12817],"class_list":["post-31299","post","type-post","status-publish","format-standard","hentry","category-judiciales","tag-argentina","tag-causas","tag-colombia","tag-detenido","tag-eeuu","tag-henry-de-jesus-lopez-londono","tag-juan-manuel-santos"],"_links":{"self":[{"href":"https:\/\/www.elsindical.com.ar\/notas\/wp-json\/wp\/v2\/posts\/31299","targetHints":{"allow":["GET"]}}],"collection":[{"href":"https:\/\/www.elsindical.com.ar\/notas\/wp-json\/wp\/v2\/posts"}],"about":[{"href":"https:\/\/www.elsindical.com.ar\/notas\/wp-json\/wp\/v2\/types\/post"}],"author":[{"embeddable":true,"href":"https:\/\/www.elsindical.com.ar\/notas\/wp-json\/wp\/v2\/users\/1"}],"replies":[{"embeddable":true,"href":"https:\/\/www.elsindical.com.ar\/notas\/wp-json\/wp\/v2\/comments?post=31299"}],"version-history":[{"count":1,"href":"https:\/\/www.elsindical.com.ar\/notas\/wp-json\/wp\/v2\/posts\/31299\/revisions"}],"predecessor-version":[{"id":31300,"href":"https:\/\/www.elsindical.com.ar\/notas\/wp-json\/wp\/v2\/posts\/31299\/revisions\/31300"}],"wp:attachment":[{"href":"https:\/\/www.elsindical.com.ar\/notas\/wp-json\/wp\/v2\/media?parent=31299"}],"wp:term":[{"taxonomy":"category","embeddable":true,"href":"https:\/\/www.elsindical.com.ar\/notas\/wp-json\/wp\/v2\/categories?post=31299"},{"taxonomy":"post_tag","embeddable":true,"href":"https:\/\/www.elsindical.com.ar\/notas\/wp-json\/wp\/v2\/tags?post=31299"}],"curies":[{"name":"wp","href":"https:\/\/api.w.org\/{rel}","templated":true}]}}