{"id":31286,"date":"2012-12-26T14:31:33","date_gmt":"2012-12-26T17:31:33","guid":{"rendered":"http:\/\/www.elsindical.com.ar\/notas\/?p=31286"},"modified":"2012-12-26T14:31:33","modified_gmt":"2012-12-26T17:31:33","slug":"lanusgemelos-de-3-anos-mueren-electrocutados-en-plena-navidad","status":"publish","type":"post","link":"https:\/\/www.elsindical.com.ar\/notas\/lanusgemelos-de-3-anos-mueren-electrocutados-en-plena-navidad\/","title":{"rendered":"Lan\u00fas:Gemelos de 3 a\u00f1os mueren electrocutados en plena Navidad"},"content":{"rendered":"<div id=\"bajada\" style=\"text-align: justify;\">\n<p><em><img loading=\"lazy\" decoding=\"async\" class=\"alignleft size-medium wp-image-31287\" alt=\"Hospital-Dr.Arturo-Melo\" src=\"http:\/\/www.elsindical.com.ar\/notas\/var\/www\/html\/notas\/wp-content\/uploads\/2012\/12\/Hospital-Dr.Arturo-Melo-300x193.jpg\" width=\"300\" height=\"193\" srcset=\"https:\/\/www.elsindical.com.ar\/notas\/var\/www\/html\/notas\/wp-content\/uploads\/2012\/12\/Hospital-Dr.Arturo-Melo-300x193.jpg 300w, https:\/\/www.elsindical.com.ar\/notas\/var\/www\/html\/notas\/wp-content\/uploads\/2012\/12\/Hospital-Dr.Arturo-Melo-464x300.jpg 464w, https:\/\/www.elsindical.com.ar\/notas\/var\/www\/html\/notas\/wp-content\/uploads\/2012\/12\/Hospital-Dr.Arturo-Melo.jpg 502w\" sizes=\"auto, (max-width: 300px) 100vw, 300px\" \/>Mientras sus padres preparaban la llegada de la Navidad, los hermanitos, de tres a\u00f1os, tocaron cables en mal estado y recibieron una fuerte descarga el\u00e9ctrica. Los nenes fueron trasladados a un hospital de Remedios de Escalada, donde finalmente fallecieron.<\/em><\/p>\n<\/div>\n<div id=\"texto\" style=\"text-align: justify;\">\n<p>Dos gemelos de 3 a\u00f1os murieron al sufrir una fuerte descarga el\u00e9ctrica cuando tocaron la heladera en su casa de la localidad bonaerense de Villa Obrera, en el partido de Lan\u00fas, cuando sus padres estaban dedicados a los preparativos para festejar la Navidad.<\/p>\n<p>El hecho se produjo en la tarde de ayer, alrededor de las 16:00 hs., en una casa de la calle Areas al 2900, en la zona sur del conurbano.<\/p>\n<p>Los ni\u00f1os, tras recibir la descarga el\u00e9ctrica, fueron trasladados al Hospital Dr. Arturo\u00a0Melo, de Remedios de Escalada, donde murieron cuando eran asistidos, destacaron los informantes. Investiga lo ocurrido la comisar\u00eda octava de Lan\u00fas.<\/p>\n<\/div>\n","protected":false},"excerpt":{"rendered":"<p>Mientras sus padres preparaban la llegada de la Navidad, los hermanitos, de tres a\u00f1os, tocaron cables en mal estado y recibieron una fuerte descarga el\u00e9ctrica. Los nenes fueron trasladados a un hospital de Remedios de Escalada, donde finalmente fallecieron. Dos gemelos de 3 a\u00f1os murieron al sufrir una fuerte descarga el\u00e9ctrica cuando tocaron la heladera&hellip;<\/p>\n","protected":false},"author":1,"featured_media":0,"comment_status":"open","ping_status":"open","sticky":false,"template":"","format":"standard","meta":{"footnotes":""},"categories":[22],"tags":[14525,14524,14526,209,6272,14527],"class_list":["post-31286","post","type-post","status-publish","format-standard","hentry","category-policiales","tag-electrocutados","tag-gemelos","tag-hospital-dr-arturo-melo","tag-lanus","tag-remedios-de-escalada","tag-villa-obrera"],"_links":{"self":[{"href":"https:\/\/www.elsindical.com.ar\/notas\/wp-json\/wp\/v2\/posts\/31286","targetHints":{"allow":["GET"]}}],"collection":[{"href":"https:\/\/www.elsindical.com.ar\/notas\/wp-json\/wp\/v2\/posts"}],"about":[{"href":"https:\/\/www.elsindical.com.ar\/notas\/wp-json\/wp\/v2\/types\/post"}],"author":[{"embeddable":true,"href":"https:\/\/www.elsindical.com.ar\/notas\/wp-json\/wp\/v2\/users\/1"}],"replies":[{"embeddable":true,"href":"https:\/\/www.elsindical.com.ar\/notas\/wp-json\/wp\/v2\/comments?post=31286"}],"version-history":[{"count":1,"href":"https:\/\/www.elsindical.com.ar\/notas\/wp-json\/wp\/v2\/posts\/31286\/revisions"}],"predecessor-version":[{"id":31288,"href":"https:\/\/www.elsindical.com.ar\/notas\/wp-json\/wp\/v2\/posts\/31286\/revisions\/31288"}],"wp:attachment":[{"href":"https:\/\/www.elsindical.com.ar\/notas\/wp-json\/wp\/v2\/media?parent=31286"}],"wp:term":[{"taxonomy":"category","embeddable":true,"href":"https:\/\/www.elsindical.com.ar\/notas\/wp-json\/wp\/v2\/categories?post=31286"},{"taxonomy":"post_tag","embeddable":true,"href":"https:\/\/www.elsindical.com.ar\/notas\/wp-json\/wp\/v2\/tags?post=31286"}],"curies":[{"name":"wp","href":"https:\/\/api.w.org\/{rel}","templated":true}]}}