{"id":31177,"date":"2012-12-21T11:07:12","date_gmt":"2012-12-21T14:07:12","guid":{"rendered":"http:\/\/www.elsindical.com.ar\/notas\/?p=31177"},"modified":"2012-12-21T11:07:12","modified_gmt":"2012-12-21T14:07:12","slug":"sergio-berni-justifico-la-renuncia-del-jefe-de-la-policia-federal-argentina-por-diferencias-de-criterio","status":"publish","type":"post","link":"https:\/\/www.elsindical.com.ar\/notas\/sergio-berni-justifico-la-renuncia-del-jefe-de-la-policia-federal-argentina-por-diferencias-de-criterio\/","title":{"rendered":"Sergio Berni justific\u00f3 la renuncia del jefe de la Polic\u00eda Federal Argentina por diferencias de criterio"},"content":{"rendered":"<p style=\"text-align: justify;\"><em><img loading=\"lazy\" decoding=\"async\" class=\"alignleft size-medium wp-image-31178\" alt=\"Sergio-Berni-Super-Drogas\" src=\"http:\/\/www.elsindical.com.ar\/notas\/var\/www\/html\/notas\/wp-content\/uploads\/2012\/12\/Sergio-Berni-Super-Drogas-300x206.jpg\" width=\"300\" height=\"206\" srcset=\"https:\/\/www.elsindical.com.ar\/notas\/var\/www\/html\/notas\/wp-content\/uploads\/2012\/12\/Sergio-Berni-Super-Drogas-300x206.jpg 300w, https:\/\/www.elsindical.com.ar\/notas\/var\/www\/html\/notas\/wp-content\/uploads\/2012\/12\/Sergio-Berni-Super-Drogas-436x300.jpg 436w, https:\/\/www.elsindical.com.ar\/notas\/var\/www\/html\/notas\/wp-content\/uploads\/2012\/12\/Sergio-Berni-Super-Drogas.jpg 502w\" sizes=\"auto, (max-width: 300px) 100vw, 300px\" \/>Mientras Nilda Garr\u00e9 omiti\u00f3 hablar del caso, el supersecretario confirm\u00f3 que hubo diferencias por la represi\u00f3n de las marchas del 12 de diciembre. La interna de Seguridad.<\/em><\/p>\n<p style=\"text-align: justify;\">El omnipresente secretario de Seguridad de la Naci\u00f3n <strong>Sergio Berni<\/strong> reconoci\u00f3 diferencias con el exjefe de la Polic\u00eda Federal Argentina <strong>Enrique Capdevila<\/strong>, quien <strong>renunci\u00f3 a su cargo<\/strong> hace una semana a raiz de los incidentes provocados en la Ciudad de Buenos Aires el 12 de diciembre pasado.<br \/>\nEse d\u00eda, hubo dos focos de incidentes en la capital, uno en la avenida 9 de julio por una movilizaci\u00f3n de hinchas de Boca Juniors y otro frente a la Casa de Tucum\u00e1n donde se protestaba por el fallo judicial del caso de Marita Ver\u00f3n. En ambos hubo choques y represi\u00f3n de la polic\u00eda que llevaron al alejamiento de Capdevila por una supuesta crisis de conducci\u00f3n.<\/p>\n<p style=\"text-align: justify;\">Desde el gobierno de la presidenta Cristina Fern\u00e1ndez de Kirchner hicieron lo imposible para omitir hablar de la renuncia: la misma ministra de Seguridad <strong>Nilda Garr\u00e9 no mencion\u00f3 el tema<\/strong>. Acaso fue para cubrir la <strong>interna con Berni<\/strong>, quien habr\u00eda sido el que pidi\u00f3 la cabeza del jefe de la PFA.<\/p>\n<p style=\"text-align: justify;\">\u00abEn situaciones cr\u00edticas como las del pasado 12 de diciembre es fundamental que <strong>no existan criterios contrapuestos en la conducci\u00f3n de la fuerza<\/strong> a cargo del dispositivo de seguridad montado para prevenir los incidentes. Era clave que los efectivos apostados en la l\u00ednea de la calle Suipacha mantuvieran la posici\u00f3n y que no salieran a perseguir a los agresores\u00bb, justific\u00f3 el secretario de Seguridad.<\/p>\n<p style=\"text-align: justify;\">En una entrevista concedida al semanario El Guardi\u00e1n, Berni explic\u00f3 las diferencias con Capdevila: \u00abLa polic\u00eda est\u00e1 para eso, para resistir o avanzar seg\u00fan las \u00f3rdenes de los superiores. Si no pueden soportar el ataque de un grupo agresor con palos y piedras, hay que retirarlos\u00bb.<\/p>\n<p style=\"text-align: justify;\">\u00abEsto pudo haber terminado con muertos en las calles de Buenos Aires y apenas hubo algunas vidrieras rotas y heridos leves. <strong>Claramente el operativo fue un \u00e9xito. Capdevila no estuvo de acuerdo<\/strong> y por eso tuvo que dar un paso al costado. La conducci\u00f3n de las fuerzas de seguridad es pol\u00edtica. Los que no lo entiendan de ese modo, no tienen lugar en este proceso\u00bb, remat\u00f3 el funcionario.<\/p>\n<p style=\"text-align: justify;\">Berni argument\u00f3 que los manifestantes, sobre todo los que provocaron los enfrentamientos en la Casa de Tucum\u00e1n, <strong>quer\u00edan desestabilizar al gobierno<\/strong>: \u00abBuscaban una represi\u00f3n que provocara muertes para provocar un escenario similar al que se produjo en la Argentina luego de los asesinatos de Kosteki y Santill\u00e1n\u00bb, sostuvo.<\/p>\n<p style=\"text-align: justify;\">\u00ab\u00bfUstedes se imaginan qu\u00e9 hubiera ocurrido en caso de una brutal represi\u00f3n? Hubiese sido muy dif\u00edcil sortear la crisis que ese escenario hipot\u00e9tico hubiese generado. Por eso fue fundamental el control pol\u00edtico f\u00e9rreo que ejerc\u00ed de ese operativo\u00bb, agreg\u00f3.<\/p>\n<p style=\"text-align: justify;\">Por \u00faltimo, Berni <strong>defendi\u00f3 la pol\u00edtica de seguridad del kirchnerismo<\/strong>: \u00abSi hay algo que este gobierno tiene claro es su pol\u00edtica de seguridad. Los que opinan lo contrario son los que piensan que la inseguridad s\u00f3lo se combate con m\u00e1s polic\u00edas en la calle. Y esto no es as\u00ed. No se puede concebir una pol\u00edtica de seguridad sin inclusi\u00f3n social y este es el gobierno m\u00e1s inclusivo de los \u00faltimos 50 a\u00f1os. Esta es la estrategia. A mayor inclusi\u00f3n social, menor cantidad de delito. Todo lo dem\u00e1s es t\u00e1ctico\u00bb, concluy\u00f3.<\/p>\n","protected":false},"excerpt":{"rendered":"<p>Mientras Nilda Garr\u00e9 omiti\u00f3 hablar del caso, el supersecretario confirm\u00f3 que hubo diferencias por la represi\u00f3n de las marchas del 12 de diciembre. La interna de Seguridad. El omnipresente secretario de Seguridad de la Naci\u00f3n Sergio Berni reconoci\u00f3 diferencias con el exjefe de la Polic\u00eda Federal Argentina Enrique Capdevila, quien renunci\u00f3 a su cargo hace&hellip;<\/p>\n","protected":false},"author":1,"featured_media":0,"comment_status":"open","ping_status":"open","sticky":false,"template":"","format":"standard","meta":{"footnotes":""},"categories":[13],"tags":[5659,253,5660,502,3347,11727],"class_list":["post-31177","post","type-post","status-publish","format-standard","hentry","category-politica","tag-comisario-general-enrique-ruben-capdevila","tag-declaraciones","tag-ministro-de-seguridad-nilda-garre","tag-policia-federal-argentina","tag-protestas","tag-sergio-berni"],"_links":{"self":[{"href":"https:\/\/www.elsindical.com.ar\/notas\/wp-json\/wp\/v2\/posts\/31177","targetHints":{"allow":["GET"]}}],"collection":[{"href":"https:\/\/www.elsindical.com.ar\/notas\/wp-json\/wp\/v2\/posts"}],"about":[{"href":"https:\/\/www.elsindical.com.ar\/notas\/wp-json\/wp\/v2\/types\/post"}],"author":[{"embeddable":true,"href":"https:\/\/www.elsindical.com.ar\/notas\/wp-json\/wp\/v2\/users\/1"}],"replies":[{"embeddable":true,"href":"https:\/\/www.elsindical.com.ar\/notas\/wp-json\/wp\/v2\/comments?post=31177"}],"version-history":[{"count":1,"href":"https:\/\/www.elsindical.com.ar\/notas\/wp-json\/wp\/v2\/posts\/31177\/revisions"}],"predecessor-version":[{"id":31179,"href":"https:\/\/www.elsindical.com.ar\/notas\/wp-json\/wp\/v2\/posts\/31177\/revisions\/31179"}],"wp:attachment":[{"href":"https:\/\/www.elsindical.com.ar\/notas\/wp-json\/wp\/v2\/media?parent=31177"}],"wp:term":[{"taxonomy":"category","embeddable":true,"href":"https:\/\/www.elsindical.com.ar\/notas\/wp-json\/wp\/v2\/categories?post=31177"},{"taxonomy":"post_tag","embeddable":true,"href":"https:\/\/www.elsindical.com.ar\/notas\/wp-json\/wp\/v2\/tags?post=31177"}],"curies":[{"name":"wp","href":"https:\/\/api.w.org\/{rel}","templated":true}]}}