{"id":3116,"date":"2010-01-25T12:58:39","date_gmt":"2010-01-25T15:58:39","guid":{"rendered":"http:\/\/www.elsindical.com.ar\/notas\/?p=3116"},"modified":"2010-01-25T12:58:54","modified_gmt":"2010-01-25T15:58:54","slug":"se-complica-la-situacion-judicial-de-la-hiena-barrios","status":"publish","type":"post","link":"https:\/\/www.elsindical.com.ar\/notas\/se-complica-la-situacion-judicial-de-la-hiena-barrios\/","title":{"rendered":"Se complica la situaci\u00f3n judicial de la \u00abHiena\u00bb Barrios"},"content":{"rendered":"<div id=\"cope\" style=\"text-align: justify;\"><em><a href=\"http:\/\/www.elsindical.com.ar\/notas\/var\/www\/html\/notas\/wp-content\/uploads\/2010\/01\/la-Hiena-Barrios-esposado.jpg\"><img loading=\"lazy\" decoding=\"async\" class=\"alignleft size-full wp-image-3117\" title=\"la-Hiena-Barrios-esposado\" src=\"http:\/\/www.elsindical.com.ar\/notas\/var\/www\/html\/notas\/wp-content\/uploads\/2010\/01\/la-Hiena-Barrios-esposado.jpg\" alt=\"\" width=\"283\" height=\"170\" \/><\/a>El boxeador arrib\u00f3 a la fiscal\u00eda para declarar ante la fiscal Teresa Mart\u00ednez Ruiz por el accidente que protagoniz\u00f3, en el cual muri\u00f3 una mujer embarazada.<\/em><\/div>\n<div style=\"text-align: justify;\">La magistrada tiene previsto interrogarlo por homicidio culposo y lesiones culposas. Ayer, el deportista choc\u00f3 con su auto, embisti\u00f3 un grupo de peatones, entre ellos una mujer embarazada, que muri\u00f3.<\/div>\n<div style=\"text-align: justify;\">\u00a0boxeador Rodrigo Barrios se encuentra en la fiscal\u00eda en donde est\u00e1 siendo \u00a0interrogado fiscal Teresa Mart\u00ednez Ruiz por el accidente que protagoniz\u00f3, en el cual muri\u00f3 una mujer embarazada.<\/div>\n<p>Barrios se entreg\u00f3 ayer en la comisar\u00eda primera de Mar del Plata, unas cuatro horas despu\u00e9s de haber huido de la escena del accidente.<\/p>\n<p>Las fuentes informaron que tras las diligencias de rigor a las que fue sometido con asistencia de su abogado, Jos\u00e9 Vera, Barrios fue trasladado a un centro de alojamiento de Coronel Vidal, donde permanecer\u00e1 hasta ser llevado a los tribunales.<\/p>\n<p>El abogado del boxeador, Jos\u00e9 Vera, reconoci\u00f3 que su defendido enfrenta un \u00abhecho muy grave\u00bb y que su situaci\u00f3n procesal es \u00abcomplicada\u00bb.<\/p>\n<p>En tanto, el ministro de Seguridad bonaerense Ricardo Casal advirti\u00f3 que podr\u00eda ser acusado de homicidio con dolo<\/p>\n<p>Seg\u00fan los voceros, ese destino fue dispuesto por la fiscal en los primeros momentos del tr\u00e1mite de la causa.<\/p>\n<p>El episodio ocurri\u00f3 ayer a la tarde, poco antes de las 16, en el cruce de Independencia y Ayacucho, en la zona de La Perla, a unas 10 cuadras del centro marplatense.<\/p>\n<p>Seg\u00fan la pesquisa, la camioneta BMW X5 de Barrios embisti\u00f3 a un Fiat 147 que estaba detenido por el sem\u00e1foro que, a ra\u00edz del impacto, atropell\u00f3 a madre e hija embarazada cuando cruzaban la calle.<\/p>\n<p>Adem\u00e1s impact\u00f3 a dos veh\u00edculos que estaban estacionados, un Ford Escort y un Mitsubishi Lancer.<\/p>\n<p>Tras el accidente, el conductor de la BMW se fug\u00f3 del lugar, incluso en contramano a lo largo de cuatro cuadras, y luego abandon\u00f3 la camioneta a la vera del camino viejo que une esta ciudad con Miramar.<\/p>\n<p>El veh\u00edculo fue secuestrado y presentaba los golpes en su frente, producto del choque, mientras que Barrios se entreg\u00f3 por la noche en la comisar\u00eda.<\/p>\n<p>A ra\u00edz del choque, dos mujeres que estaban a bordo del Fiat 147 sufrieron heridas, al igual que las dos que cruzaban la calle, entre ellas una joven embarazada que m\u00e1s tarde muri\u00f3 en el hospital Interzonal.<\/p>\n","protected":false},"excerpt":{"rendered":"<p>El boxeador arrib\u00f3 a la fiscal\u00eda para declarar ante la fiscal Teresa Mart\u00ednez Ruiz por el accidente que protagoniz\u00f3, en el cual muri\u00f3 una mujer embarazada. La magistrada tiene previsto interrogarlo por homicidio culposo y lesiones culposas. Ayer, el deportista choc\u00f3 con su auto, embisti\u00f3 un grupo de peatones, entre ellos una mujer embarazada, que&hellip;<\/p>\n","protected":false},"author":1,"featured_media":0,"comment_status":"open","ping_status":"open","sticky":false,"template":"","format":"standard","meta":{"footnotes":""},"categories":[20],"tags":[990,236,792,1675,351,1673,1676,1674],"class_list":["post-3116","post","type-post","status-publish","format-standard","hentry","category-judiciales","tag-accidente","tag-embarazada","tag-fiscal","tag-hiena","tag-jueza","tag-mar-del-plata","tag-muerta","tag-rodrigo-barrios"],"_links":{"self":[{"href":"https:\/\/www.elsindical.com.ar\/notas\/wp-json\/wp\/v2\/posts\/3116","targetHints":{"allow":["GET"]}}],"collection":[{"href":"https:\/\/www.elsindical.com.ar\/notas\/wp-json\/wp\/v2\/posts"}],"about":[{"href":"https:\/\/www.elsindical.com.ar\/notas\/wp-json\/wp\/v2\/types\/post"}],"author":[{"embeddable":true,"href":"https:\/\/www.elsindical.com.ar\/notas\/wp-json\/wp\/v2\/users\/1"}],"replies":[{"embeddable":true,"href":"https:\/\/www.elsindical.com.ar\/notas\/wp-json\/wp\/v2\/comments?post=3116"}],"version-history":[{"count":2,"href":"https:\/\/www.elsindical.com.ar\/notas\/wp-json\/wp\/v2\/posts\/3116\/revisions"}],"predecessor-version":[{"id":3119,"href":"https:\/\/www.elsindical.com.ar\/notas\/wp-json\/wp\/v2\/posts\/3116\/revisions\/3119"}],"wp:attachment":[{"href":"https:\/\/www.elsindical.com.ar\/notas\/wp-json\/wp\/v2\/media?parent=3116"}],"wp:term":[{"taxonomy":"category","embeddable":true,"href":"https:\/\/www.elsindical.com.ar\/notas\/wp-json\/wp\/v2\/categories?post=3116"},{"taxonomy":"post_tag","embeddable":true,"href":"https:\/\/www.elsindical.com.ar\/notas\/wp-json\/wp\/v2\/tags?post=3116"}],"curies":[{"name":"wp","href":"https:\/\/api.w.org\/{rel}","templated":true}]}}