{"id":31143,"date":"2012-12-20T18:05:48","date_gmt":"2012-12-20T21:05:48","guid":{"rendered":"http:\/\/www.elsindical.com.ar\/notas\/?p=31143"},"modified":"2012-12-20T18:05:48","modified_gmt":"2012-12-20T21:05:48","slug":"corrientesasesinan-a-punaladas-a-nena-de-7-anos","status":"publish","type":"post","link":"https:\/\/www.elsindical.com.ar\/notas\/corrientesasesinan-a-punaladas-a-nena-de-7-anos\/","title":{"rendered":"Corrientes:Asesinan a pu\u00f1aladas a nena de 7 a\u00f1os"},"content":{"rendered":"<div id=\"bajada\" style=\"text-align: justify;\">\n<p><em><img loading=\"lazy\" decoding=\"async\" class=\"alignleft size-medium wp-image-31144\" alt=\"asesinato-nena-de-7-a\u00f1os-Corrientes\" src=\"http:\/\/www.elsindical.com.ar\/notas\/var\/www\/html\/notas\/wp-content\/uploads\/2012\/12\/asesinato-nena-de-7-a\u00f1os-Corrientes-300x193.jpg\" width=\"300\" height=\"193\" srcset=\"https:\/\/www.elsindical.com.ar\/notas\/var\/www\/html\/notas\/wp-content\/uploads\/2012\/12\/asesinato-nena-de-7-a\u00f1os-Corrientes-300x193.jpg 300w, https:\/\/www.elsindical.com.ar\/notas\/var\/www\/html\/notas\/wp-content\/uploads\/2012\/12\/asesinato-nena-de-7-a\u00f1os-Corrientes-464x300.jpg 464w, https:\/\/www.elsindical.com.ar\/notas\/var\/www\/html\/notas\/wp-content\/uploads\/2012\/12\/asesinato-nena-de-7-a\u00f1os-Corrientes.jpg 502w\" sizes=\"auto, (max-width: 300px) 100vw, 300px\" \/>La peque\u00f1a fue encontrada masacrada en la ciudad de Corrientes, con diez puntazos en distintas zonas de su cuerpo. Las primeras investigaciones anticipan que no habr\u00eda sufrido abuso sexual, y que el responsable ser\u00eda alguien del c\u00edrculo familiar.<\/em><\/p>\n<\/div>\n<div id=\"texto\" style=\"text-align: justify;\">\n<p>Una ni\u00f1a de 7 a\u00f1os fue hallada asesinada de 10 pu\u00f1aladas en un descampado de la zona suburbana de la ciudad de Corrientes, informaron fuentes judiciales.<\/p>\n<p>El Fiscal a cargo de la investigaci\u00f3n, <b>Gustavo Robineau<\/b>, dijo que est\u00e1 pr\u00e1cticamente descartado que la ni\u00f1a haya sido abusada sexualmente, aunque explic\u00f3 que a\u00fan falta conocer los resultados de la autopsia que debe realizarse al cad\u00e1ver.<\/p>\n<p>Por el crimen hay varias personas detenidas, la mayor\u00eda de ellas pertenecientes al c\u00edrculo familiar de la v\u00edctima. Las sospechas recaen especialmente sobre un t\u00edo al que la ni\u00f1a fue a ver ayer en horas de la siesta, seg\u00fan relat\u00f3 el fiscal en declaraciones a Radio Dos.<\/p>\n<p>La ni\u00f1a sali\u00f3 de su casa ayer alrededor de las 15:00 hs.\u00a0y al ver que no regresaba su madre empez\u00f3 a buscarla. Cerca de las 19:00 hs., su cuerpo fue encontrado por un familiar en un descampado ubicado en el kil\u00f3metro 1038 de la ruta nacional 12, a unos 300 metros de la vivienda en la que viv\u00eda con su madre y hermanitos.<\/p>\n<p><i>\u201cLa nena no estaba degollada y en el primer examen no se constat\u00f3 abuso sexual\u201d<\/i> afirm\u00f3 Robineau, quien agreg\u00f3 que con el m\u00e9dico contaron diez pu\u00f1aladas en distintas partes de su cuerpo.<\/p>\n<p>Los detenidos permanec\u00edan este jueves alojados en la comisar\u00eda novena de la Capital provincial a la espera de ser interrogados por el Fiscal.<\/p>\n<p>Afuera de la comisar\u00eda, ubicada en el barrio Apip\u00e9 de la capital provincial, permanecen en espera familiares de la v\u00edctima, entre ellos la madre.<\/p>\n<p>Unos de los t\u00edos de la v\u00edctima, que no est\u00e1 detenido y se identific\u00f3 como <b>Mart\u00edn Sena<\/b>, descart\u00f3 ante la prensa toda posibilidad de que su hermano, sindicado como el principal sospechoso del ataque, haya tenido algo que ver con el hecho. <i> \u201cYo pongo las manos en el fuego por mi hermano, es imposible que \u00e9l haya hecho algo as\u00ed. Estamos desconcertados, y queremos que se analicen otras hip\u00f3tesis\u201d<\/i>, afirm\u00f3 el hombre en declaraciones a Radio Dos.<\/p>\n<\/div>\n","protected":false},"excerpt":{"rendered":"<p>La peque\u00f1a fue encontrada masacrada en la ciudad de Corrientes, con diez puntazos en distintas zonas de su cuerpo. Las primeras investigaciones anticipan que no habr\u00eda sufrido abuso sexual, y que el responsable ser\u00eda alguien del c\u00edrculo familiar. Una ni\u00f1a de 7 a\u00f1os fue hallada asesinada de 10 pu\u00f1aladas en un descampado de la zona&hellip;<\/p>\n","protected":false},"author":1,"featured_media":0,"comment_status":"open","ping_status":"open","sticky":false,"template":"","format":"standard","meta":{"footnotes":""},"categories":[22],"tags":[1233,281,14457,14458,1104,30],"class_list":["post-31143","post","type-post","status-publish","format-standard","hentry","category-policiales","tag-apunalada","tag-corrientes","tag-fiscal-gustavo-robineau","tag-martin-sena","tag-nena","tag-policia"],"_links":{"self":[{"href":"https:\/\/www.elsindical.com.ar\/notas\/wp-json\/wp\/v2\/posts\/31143","targetHints":{"allow":["GET"]}}],"collection":[{"href":"https:\/\/www.elsindical.com.ar\/notas\/wp-json\/wp\/v2\/posts"}],"about":[{"href":"https:\/\/www.elsindical.com.ar\/notas\/wp-json\/wp\/v2\/types\/post"}],"author":[{"embeddable":true,"href":"https:\/\/www.elsindical.com.ar\/notas\/wp-json\/wp\/v2\/users\/1"}],"replies":[{"embeddable":true,"href":"https:\/\/www.elsindical.com.ar\/notas\/wp-json\/wp\/v2\/comments?post=31143"}],"version-history":[{"count":1,"href":"https:\/\/www.elsindical.com.ar\/notas\/wp-json\/wp\/v2\/posts\/31143\/revisions"}],"predecessor-version":[{"id":31145,"href":"https:\/\/www.elsindical.com.ar\/notas\/wp-json\/wp\/v2\/posts\/31143\/revisions\/31145"}],"wp:attachment":[{"href":"https:\/\/www.elsindical.com.ar\/notas\/wp-json\/wp\/v2\/media?parent=31143"}],"wp:term":[{"taxonomy":"category","embeddable":true,"href":"https:\/\/www.elsindical.com.ar\/notas\/wp-json\/wp\/v2\/categories?post=31143"},{"taxonomy":"post_tag","embeddable":true,"href":"https:\/\/www.elsindical.com.ar\/notas\/wp-json\/wp\/v2\/tags?post=31143"}],"curies":[{"name":"wp","href":"https:\/\/api.w.org\/{rel}","templated":true}]}}