{"id":31140,"date":"2012-12-20T18:00:54","date_gmt":"2012-12-20T21:00:54","guid":{"rendered":"http:\/\/www.elsindical.com.ar\/notas\/?p=31140"},"modified":"2012-12-20T18:00:54","modified_gmt":"2012-12-20T21:00:54","slug":"neuquenmurio-brian-hernandez-el-menor-baleado-por-un-policia-en-un-aparente-caso-de-gatillo-facil","status":"publish","type":"post","link":"https:\/\/www.elsindical.com.ar\/notas\/neuquenmurio-brian-hernandez-el-menor-baleado-por-un-policia-en-un-aparente-caso-de-gatillo-facil\/","title":{"rendered":"Neuqu\u00e9n:Muri\u00f3 Brian Hern\u00e1ndez, el menor baleado por un polic\u00eda en un aparente caso de gatillo f\u00e1cil"},"content":{"rendered":"<p style=\"text-align: justify;\"><em><img loading=\"lazy\" decoding=\"async\" class=\"alignleft size-medium wp-image-31141\" alt=\"Elizabeth-mam\u00e1-de-Braian\" src=\"http:\/\/www.elsindical.com.ar\/notas\/var\/www\/html\/notas\/wp-content\/uploads\/2012\/12\/Elizabeth-mam\u00e1-de-Braian-300x207.jpg\" width=\"300\" height=\"207\" srcset=\"https:\/\/www.elsindical.com.ar\/notas\/var\/www\/html\/notas\/wp-content\/uploads\/2012\/12\/Elizabeth-mam\u00e1-de-Braian-300x207.jpg 300w, https:\/\/www.elsindical.com.ar\/notas\/var\/www\/html\/notas\/wp-content\/uploads\/2012\/12\/Elizabeth-mam\u00e1-de-Braian-432x300.jpg 432w, https:\/\/www.elsindical.com.ar\/notas\/var\/www\/html\/notas\/wp-content\/uploads\/2012\/12\/Elizabeth-mam\u00e1-de-Braian.jpg 502w\" sizes=\"auto, (max-width: 300px) 100vw, 300px\" \/>El joven de 14 a\u00f1os fue desconectado por m\u00e9dicos del hospital Castro Rend\u00f3n. Ayer recibi\u00f3 un disparo en la nuca cuando circulaba en un veh\u00edculo por el barrio San Lorenzo. El uniformado responsable del ataque fue identificado y qued\u00f3 arrestado.<\/em><\/p>\n<p style=\"text-align: justify;\">Brian Hern\u00e1ndez, el joven de 14 a\u00f1os que recibi\u00f3 un disparo en la cabeza de parte de un efectivo policial en circunstancias que se investigan, falleci\u00f3 esta ma\u00f1ana en el hospital Castro Rend\u00f3n en donde permanec\u00eda en grav\u00edsimo estado.<\/p>\n<p style=\"text-align: justify;\">El ataque ocurri\u00f3 ayer por la madrugada en el barrio San Lorenzo cuando siete amigos transitaban por la calle Casimiro G\u00f3mez en el auto que le hab\u00edan sacado al padre de uno de ellos.<\/p>\n<p style=\"text-align: justify;\">En el camino se cruzaron con un patrullero policial, desde el que quisieron identificarlos. Pero aceleraron y comenzaron a ser perseguidos. Minutos despu\u00e9s, apareci\u00f3 otro m\u00f3vil, que los esper\u00f3 y desde el cual baj\u00f3 un efectivo que desenfund\u00f3 su arma reglamentaria y dispar\u00f3. La bala atraves\u00f3 la luneta del veh\u00edculo e impact\u00f3 de lleno en la nuca Brian Hern\u00e1ndez, de 14 a\u00f1os. El joven, fue trasladado al hospital regional en grave estado y falleci\u00f3 en la ma\u00f1ana de hoy.<\/p>\n<p style=\"text-align: justify;\">El hecho ocurri\u00f3 en las inmediaciones de las calles Avenida del Trabajador y Casimiro G\u00f3mez, alrededor de las 3. Los j\u00f3venes, fueron demorados por la Polic\u00eda luego de que el auto, una coup\u00e9 Renault Fuego, fuera interceptado por los dos patrulleros. Iban siete adolescentes de los cuales a cinco trasladaron a la Comisar\u00eda del Menor; otro que ser\u00eda mayor de edad y que ir\u00eda al volante escap\u00f3;\u00a0 y Brian, quien recibi\u00f3 el disparo.<\/p>\n<p style=\"text-align: justify;\">La c\u00fapula de la Polic\u00eda repudi\u00f3 lo ocurrido. Al respecto, el subsecretario de Seguridad, Gustavo Pereyra dijo que\u00a0 \u201cLo que indica normalmente la regla es que el disparo se efect\u00fae de forma intimidatoria hacia el aire o a un neum\u00e1tico\u201d.<\/p>\n<p style=\"text-align: justify;\">\u201c\u00c9ramos cinco, despu\u00e9s buscamos a otro pibe en Gran Neuqu\u00e9n Norte y volvimos al barrio. Ah\u00ed vino otro que es mayor, y que pidi\u00f3 que dejemos manejarlo a \u00e9l\u201d, relat\u00f3 ayer a este diario uno de los adolescentes que iba en el auto, y cuya identidad se mantiene bajo reserva por ser menor de edad. \u201cFuimos a Cuenca XV y cuando volv\u00edamos, nos cruzamos con un patrullero, que al vernos peg\u00f3 la vuelta y empez\u00f3 a seguirnos; ah\u00ed el pibe que manejaba aceler\u00f3 y despu\u00e9s apareci\u00f3 otro m\u00f3vil de frente pero este pibe sigui\u00f3 acelerando\u201d, record\u00f3.<\/p>\n","protected":false},"excerpt":{"rendered":"<p>El joven de 14 a\u00f1os fue desconectado por m\u00e9dicos del hospital Castro Rend\u00f3n. Ayer recibi\u00f3 un disparo en la nuca cuando circulaba en un veh\u00edculo por el barrio San Lorenzo. El uniformado responsable del ataque fue identificado y qued\u00f3 arrestado. Brian Hern\u00e1ndez, el joven de 14 a\u00f1os que recibi\u00f3 un disparo en la cabeza de&hellip;<\/p>\n","protected":false},"author":1,"featured_media":0,"comment_status":"open","ping_status":"open","sticky":false,"template":"","format":"standard","meta":{"footnotes":""},"categories":[22],"tags":[14455,14456,388,4345,14452,1326],"class_list":["post-31140","post","type-post","status-publish","format-standard","hentry","category-policiales","tag-menor","tag-brian-hernandez","tag-disparo","tag-gatillo-facil","tag-hospital-castro-rendon","tag-neuquen"],"_links":{"self":[{"href":"https:\/\/www.elsindical.com.ar\/notas\/wp-json\/wp\/v2\/posts\/31140","targetHints":{"allow":["GET"]}}],"collection":[{"href":"https:\/\/www.elsindical.com.ar\/notas\/wp-json\/wp\/v2\/posts"}],"about":[{"href":"https:\/\/www.elsindical.com.ar\/notas\/wp-json\/wp\/v2\/types\/post"}],"author":[{"embeddable":true,"href":"https:\/\/www.elsindical.com.ar\/notas\/wp-json\/wp\/v2\/users\/1"}],"replies":[{"embeddable":true,"href":"https:\/\/www.elsindical.com.ar\/notas\/wp-json\/wp\/v2\/comments?post=31140"}],"version-history":[{"count":1,"href":"https:\/\/www.elsindical.com.ar\/notas\/wp-json\/wp\/v2\/posts\/31140\/revisions"}],"predecessor-version":[{"id":31142,"href":"https:\/\/www.elsindical.com.ar\/notas\/wp-json\/wp\/v2\/posts\/31140\/revisions\/31142"}],"wp:attachment":[{"href":"https:\/\/www.elsindical.com.ar\/notas\/wp-json\/wp\/v2\/media?parent=31140"}],"wp:term":[{"taxonomy":"category","embeddable":true,"href":"https:\/\/www.elsindical.com.ar\/notas\/wp-json\/wp\/v2\/categories?post=31140"},{"taxonomy":"post_tag","embeddable":true,"href":"https:\/\/www.elsindical.com.ar\/notas\/wp-json\/wp\/v2\/tags?post=31140"}],"curies":[{"name":"wp","href":"https:\/\/api.w.org\/{rel}","templated":true}]}}