{"id":31133,"date":"2012-12-20T17:44:37","date_gmt":"2012-12-20T20:44:37","guid":{"rendered":"http:\/\/www.elsindical.com.ar\/notas\/?p=31133"},"modified":"2012-12-20T19:27:36","modified_gmt":"2012-12-20T22:27:36","slug":"neuquenasesinan-a-una-joven-en-un-confuso-episodio","status":"publish","type":"post","link":"https:\/\/www.elsindical.com.ar\/notas\/neuquenasesinan-a-una-joven-en-un-confuso-episodio\/","title":{"rendered":"Neuqu\u00e9n:Asesinan a una joven en un confuso episodio"},"content":{"rendered":"<p style=\"text-align: justify;\"><em><img loading=\"lazy\" decoding=\"async\" class=\"alignleft size-medium wp-image-31134\" alt=\"asesinato-menor-Neuqu\u00e9n\" src=\"http:\/\/www.elsindical.com.ar\/notas\/var\/www\/html\/notas\/wp-content\/uploads\/2012\/12\/asesinato-menor-Neuqu\u00e9n-300x209.jpg\" width=\"300\" height=\"209\" srcset=\"https:\/\/www.elsindical.com.ar\/notas\/var\/www\/html\/notas\/wp-content\/uploads\/2012\/12\/asesinato-menor-Neuqu\u00e9n-300x209.jpg 300w, https:\/\/www.elsindical.com.ar\/notas\/var\/www\/html\/notas\/wp-content\/uploads\/2012\/12\/asesinato-menor-Neuqu\u00e9n-429x300.jpg 429w, https:\/\/www.elsindical.com.ar\/notas\/var\/www\/html\/notas\/wp-content\/uploads\/2012\/12\/asesinato-menor-Neuqu\u00e9n.jpg 502w\" sizes=\"auto, (max-width: 300px) 100vw, 300px\" \/>La v\u00edctima, de 18 a\u00f1os, falleci\u00f3 esta madrugada en el hospital Castro Rend\u00f3n. El disparo fue realizado por otra joven de la misma edad, conocida en la zona como una mujer que maneja el territorio y que es intensamente buscada por la Polic\u00eda.<\/em><\/p>\n<p style=\"text-align: justify;\">Una joven de 18 a\u00f1os falleci\u00f3 esta madrugada en el hospital Castro Rend\u00f3n tras recibir un disparo en la cabeza en el oeste de la ciudad.<\/p>\n<p style=\"text-align: justify;\">Seg\u00fan fuentes policiales el hecho ocurri\u00f3 en la toma Atahualpa, cuando la joven identificada como Marcela P\u00e9rez\u00a0se encontraba con su novio de 15 a\u00f1os. Al lugar llegaron tres j\u00f3venes, entre ellos una adolescente armada que habr\u00eda sido la autora del disparo.<\/p>\n<p style=\"text-align: justify;\">La agresora dispar\u00f3 un revolver calibre 22 y la bala impact\u00f3 en la cabeza de Marcela, que qued\u00f3 tendida en la calle.<\/p>\n<p style=\"text-align: justify;\">La v\u00edctima fue trasladada de urgencia al hospital Heller y luego al Castro Rend\u00f3n, en donde falleci\u00f3 alrededor de las 03:00 hs.<\/p>\n<p style=\"text-align: justify;\">La Polic\u00eda busca intensamente a la agresora e investiga las causas del asesinato. En primera instancia se cree que el ataque estaba dirigido al novio de la joven fallecida.<\/p>\n","protected":false},"excerpt":{"rendered":"<p>La v\u00edctima, de 18 a\u00f1os, falleci\u00f3 esta madrugada en el hospital Castro Rend\u00f3n. El disparo fue realizado por otra joven de la misma edad, conocida en la zona como una mujer que maneja el territorio y que es intensamente buscada por la Polic\u00eda. Una joven de 18 a\u00f1os falleci\u00f3 esta madrugada en el hospital Castro&hellip;<\/p>\n","protected":false},"author":1,"featured_media":0,"comment_status":"open","ping_status":"open","sticky":false,"template":"","format":"standard","meta":{"footnotes":""},"categories":[22],"tags":[14453,14452,14451,1326,30,6009],"class_list":["post-31133","post","type-post","status-publish","format-standard","hentry","category-policiales","tag-atahualpa","tag-hospital-castro-rendon","tag-marcela-perez","tag-neuquen","tag-policia","tag-profuga"],"_links":{"self":[{"href":"https:\/\/www.elsindical.com.ar\/notas\/wp-json\/wp\/v2\/posts\/31133","targetHints":{"allow":["GET"]}}],"collection":[{"href":"https:\/\/www.elsindical.com.ar\/notas\/wp-json\/wp\/v2\/posts"}],"about":[{"href":"https:\/\/www.elsindical.com.ar\/notas\/wp-json\/wp\/v2\/types\/post"}],"author":[{"embeddable":true,"href":"https:\/\/www.elsindical.com.ar\/notas\/wp-json\/wp\/v2\/users\/1"}],"replies":[{"embeddable":true,"href":"https:\/\/www.elsindical.com.ar\/notas\/wp-json\/wp\/v2\/comments?post=31133"}],"version-history":[{"count":4,"href":"https:\/\/www.elsindical.com.ar\/notas\/wp-json\/wp\/v2\/posts\/31133\/revisions"}],"predecessor-version":[{"id":31159,"href":"https:\/\/www.elsindical.com.ar\/notas\/wp-json\/wp\/v2\/posts\/31133\/revisions\/31159"}],"wp:attachment":[{"href":"https:\/\/www.elsindical.com.ar\/notas\/wp-json\/wp\/v2\/media?parent=31133"}],"wp:term":[{"taxonomy":"category","embeddable":true,"href":"https:\/\/www.elsindical.com.ar\/notas\/wp-json\/wp\/v2\/categories?post=31133"},{"taxonomy":"post_tag","embeddable":true,"href":"https:\/\/www.elsindical.com.ar\/notas\/wp-json\/wp\/v2\/tags?post=31133"}],"curies":[{"name":"wp","href":"https:\/\/api.w.org\/{rel}","templated":true}]}}