{"id":31127,"date":"2012-12-20T16:43:14","date_gmt":"2012-12-20T19:43:14","guid":{"rendered":"http:\/\/www.elsindical.com.ar\/notas\/?p=31127"},"modified":"2012-12-20T16:43:14","modified_gmt":"2012-12-20T19:43:14","slug":"rio-negrocontinua-la-tension-en-bariloche-y-podrian-solicitar-la-ayuda-de-gendarmeria","status":"publish","type":"post","link":"https:\/\/www.elsindical.com.ar\/notas\/rio-negrocontinua-la-tension-en-bariloche-y-podrian-solicitar-la-ayuda-de-gendarmeria\/","title":{"rendered":"R\u00edo Negro:Contin\u00faa la tensi\u00f3n en Bariloche y podr\u00edan solicitar la ayuda de Gendarmer\u00eda"},"content":{"rendered":"<p style=\"text-align: justify;\"><em><img loading=\"lazy\" decoding=\"async\" class=\"alignleft size-medium wp-image-31128\" alt=\"saqueos-supermercados-Bariloche\" src=\"http:\/\/www.elsindical.com.ar\/notas\/var\/www\/html\/notas\/wp-content\/uploads\/2012\/12\/saqueos-supermercados-Bariloche-300x224.jpg\" width=\"300\" height=\"224\" srcset=\"https:\/\/www.elsindical.com.ar\/notas\/var\/www\/html\/notas\/wp-content\/uploads\/2012\/12\/saqueos-supermercados-Bariloche-300x224.jpg 300w, https:\/\/www.elsindical.com.ar\/notas\/var\/www\/html\/notas\/wp-content\/uploads\/2012\/12\/saqueos-supermercados-Bariloche-400x300.jpg 400w, https:\/\/www.elsindical.com.ar\/notas\/var\/www\/html\/notas\/wp-content\/uploads\/2012\/12\/saqueos-supermercados-Bariloche.jpg 502w\" sizes=\"auto, (max-width: 300px) 100vw, 300px\" \/>Encapuchados saquearon <strong>dos supermercados<\/strong>. La Polic\u00eda evit\u00f3 que ocurra lo mismo en un tercer negocio, pero a\u00fan hay desmanes. Son \u00ab<strong>grupos an\u00e1rquicos<\/strong>\u00ab, asegur\u00f3 el gobierno provincial. La Polic\u00eda utiliz\u00f3 palos de hockey y piedras.<\/em><\/p>\n<p style=\"text-align: justify;\">Un grupo de personas encapuchadas saque\u00f3 esta ma\u00f1ana un supermercado de la cadena <strong>Chango M\u00e1s<\/strong> de la ciudad de Bariloche, y desat\u00f3 una ola de vandalismo que afect\u00f3 a por lo menos otros dos centro comerciales y gener\u00f3 p\u00e1nico en los comerciantes de la ciudad, que decidieron cerrar sus puertas.<\/p>\n<p style=\"text-align: justify;\">En Chango M\u00e1s, una vez ingresados dentro de la tienda, ubicada sobre la Ruta 40 y Cutral Co, en la zona de El Alto, los manifestantes robaron<strong> electrodom\u00e9sticos, art\u00edculos para el hogar y juguetes<\/strong>. Adem\u00e1s provocaron destrozos, apedrearon el lugar y<strong> se enfrentaron con la polic\u00eda<\/strong>.<\/p>\n<p style=\"text-align: justify;\">Seg\u00fan las primeras versiones, cerca de las 9 alrededor de <strong>50 personas<\/strong> irrumpieron violentamente en el local y comenzaron a robar artefactos el\u00e9ctricos.<\/p>\n<p style=\"text-align: justify;\">Tras m\u00e1s de seis horas de comenzados los incidentes, <strong>contin\u00faa la tensi\u00f3n en la ciudad <\/strong>y la polic\u00eda no puede controlar la situaci\u00f3n. Hace instantes lanzaron gases lacrim\u00f3genos, <strong>improvisaron vallas de contenci\u00f3n con carritos<\/strong> de compras y en algunos casos llegaron a enfrentar a los saqueadores cuerpo a cuerpo.<\/p>\n<p style=\"text-align: justify;\">Desde el Municipio admitieron que est\u00e1n desbordados. <strong>Oscar Borchici<\/strong>, secretario privado del Municipio, declar\u00f3: \u00abEsto es una locura que no avalamos, estamos ac\u00e1 para controlar la situaci\u00f3n. Simpre hay rumores pero no entendemos que reaccionen de esta manera\u00bb. Y analiz\u00f3: \u00ab<strong>No entiendo la necesidad que tienen de llevarse un LCD<\/strong>\u00ab.<\/p>\n<p style=\"text-align: justify;\">El comisario Telleira confirm\u00f3 en un principio la presencia de 20 uniformados en el lugar, que luego fueron asistidos por un refuerzo de 30 m\u00e1s.<\/p>\n<p style=\"text-align: justify;\">Cuando comenzaron los incidentes eran 50 personas, pero pronto se sumaron m\u00e1s y llegaron a 100, seg\u00fan relat\u00f3 Rodrigo Saliva, periodista del lugar al canal<em> TN.<\/em><\/p>\n<p style=\"text-align: justify;\">En tanto, el intendente de la ciudad rionegrina,<strong> Omar Goye<\/strong>, se encuentra en Buenos Aires y a\u00fan no ha hecho declaraciones al respecto, pero, por orden del gobernador <strong>Alberto Weretilneck<\/strong>, podr\u00eda solicitar al gobierno nacional la ayuda de Gendarmer\u00eda.<\/p>\n<p style=\"text-align: justify;\"><strong>P\u00e1nico de los comerciantes<\/strong><\/p>\n<p style=\"text-align: justify;\">Por<strong> temor a que se extiendan los saqueos<\/strong>, poco antes del mediod\u00eda hab\u00edan comenzado a<strong> bajar persianas<\/strong> varios negocios en el \u00e1mbito de la ciudad.<\/p>\n<p style=\"text-align: justify;\">En tanto, la diputada por el Frente para la Victoria (FpV), <strong>Silvina Garc\u00eda Larraburu<\/strong>, cuestion\u00f3 la pasividad de la Polic\u00eda y potenci\u00f3 el estado de alarma al comentar que los encapuchados <strong>\u00abest\u00e1n bajando al centro y est\u00e1n arrasando con todo\u00bb<\/strong>.<\/p>\n<p style=\"text-align: justify;\"><strong>Suspenden licencias y francos de la polic\u00eda<\/strong><\/p>\n<p style=\"text-align: justify;\">Tras los hechos de violencia ocurridos en Bariloche, el Gobierno de la provincia de R\u00edo Negro decidi\u00f3 que los efectivos policiales de la ciudad est\u00e9n a disposici\u00f3n para prestar servicio. Adem\u00e1s, defini\u00f3 reforzar la dotaci\u00f3n con otros 150 efectivos.<\/p>\n<p style=\"text-align: justify;\">El Gobierno provincial inform\u00f3 que en horas de la tarde llegar\u00e1 a la localidad el ministro de Gobierno provincial; Luis Di Gi\u00e1como; el Ministro de Desarrollo Social, Ernesto Paillalef; el secretario de Seguridad, Miguel Bermejo y el Jefe de la Policia, Ariel Gallinger.<\/p>\n","protected":false},"excerpt":{"rendered":"<p>Encapuchados saquearon dos supermercados. La Polic\u00eda evit\u00f3 que ocurra lo mismo en un tercer negocio, pero a\u00fan hay desmanes. Son \u00abgrupos an\u00e1rquicos\u00ab, asegur\u00f3 el gobierno provincial. La Polic\u00eda utiliz\u00f3 palos de hockey y piedras. Un grupo de personas encapuchadas saque\u00f3 esta ma\u00f1ana un supermercado de la cadena Chango M\u00e1s de la ciudad de Bariloche, y&hellip;<\/p>\n","protected":false},"author":1,"featured_media":0,"comment_status":"open","ping_status":"open","sticky":false,"template":"","format":"standard","meta":{"footnotes":""},"categories":[22],"tags":[3423,12261,4768,14448,30,3743,2119,1560],"class_list":["post-31127","post","type-post","status-publish","format-standard","hentry","category-policiales","tag-bariloche","tag-chango-mas","tag-electrodomesticos","tag-plasmas","tag-policia","tag-rio-negro","tag-saqueos","tag-supermercados"],"_links":{"self":[{"href":"https:\/\/www.elsindical.com.ar\/notas\/wp-json\/wp\/v2\/posts\/31127","targetHints":{"allow":["GET"]}}],"collection":[{"href":"https:\/\/www.elsindical.com.ar\/notas\/wp-json\/wp\/v2\/posts"}],"about":[{"href":"https:\/\/www.elsindical.com.ar\/notas\/wp-json\/wp\/v2\/types\/post"}],"author":[{"embeddable":true,"href":"https:\/\/www.elsindical.com.ar\/notas\/wp-json\/wp\/v2\/users\/1"}],"replies":[{"embeddable":true,"href":"https:\/\/www.elsindical.com.ar\/notas\/wp-json\/wp\/v2\/comments?post=31127"}],"version-history":[{"count":1,"href":"https:\/\/www.elsindical.com.ar\/notas\/wp-json\/wp\/v2\/posts\/31127\/revisions"}],"predecessor-version":[{"id":31129,"href":"https:\/\/www.elsindical.com.ar\/notas\/wp-json\/wp\/v2\/posts\/31127\/revisions\/31129"}],"wp:attachment":[{"href":"https:\/\/www.elsindical.com.ar\/notas\/wp-json\/wp\/v2\/media?parent=31127"}],"wp:term":[{"taxonomy":"category","embeddable":true,"href":"https:\/\/www.elsindical.com.ar\/notas\/wp-json\/wp\/v2\/categories?post=31127"},{"taxonomy":"post_tag","embeddable":true,"href":"https:\/\/www.elsindical.com.ar\/notas\/wp-json\/wp\/v2\/tags?post=31127"}],"curies":[{"name":"wp","href":"https:\/\/api.w.org\/{rel}","templated":true}]}}