{"id":31124,"date":"2012-12-20T11:32:08","date_gmt":"2012-12-20T14:32:08","guid":{"rendered":"http:\/\/www.elsindical.com.ar\/notas\/?p=31124"},"modified":"2012-12-20T11:32:08","modified_gmt":"2012-12-20T14:32:08","slug":"esteban-echeverriaal-intendente-no-le-gusta-que-se-conozca-la-situacion-del-hospital","status":"publish","type":"post","link":"https:\/\/www.elsindical.com.ar\/notas\/esteban-echeverriaal-intendente-no-le-gusta-que-se-conozca-la-situacion-del-hospital\/","title":{"rendered":"Esteban Echeverr\u00eda:\u201cAl intendente no le gusta que se conozca la situaci\u00f3n del hospital\u201d"},"content":{"rendered":"<p style=\"text-align: justify;\"><em><img loading=\"lazy\" decoding=\"async\" class=\"alignleft size-medium wp-image-31125\" alt=\"protesta-CICOP-Estebam-Echeverr\u00eda\" src=\"http:\/\/www.elsindical.com.ar\/notas\/var\/www\/html\/notas\/wp-content\/uploads\/2012\/12\/protesta-CICOP-Estebam-Echeverr\u00eda-300x179.jpg\" width=\"300\" height=\"179\" srcset=\"https:\/\/www.elsindical.com.ar\/notas\/var\/www\/html\/notas\/wp-content\/uploads\/2012\/12\/protesta-CICOP-Estebam-Echeverr\u00eda-300x179.jpg 300w, https:\/\/www.elsindical.com.ar\/notas\/var\/www\/html\/notas\/wp-content\/uploads\/2012\/12\/protesta-CICOP-Estebam-Echeverr\u00eda-500x300.jpg 500w, https:\/\/www.elsindical.com.ar\/notas\/var\/www\/html\/notas\/wp-content\/uploads\/2012\/12\/protesta-CICOP-Estebam-Echeverr\u00eda.jpg 502w\" sizes=\"auto, (max-width: 300px) 100vw, 300px\" \/>Lo indic\u00f3 el doctor Miguel Molinas, cesanteado la semana pasada por determinaci\u00f3n de la Junta de Disciplina del Municipio. Aunque a\u00fan no se lo notificaron, consider\u00f3 que su despido fue \u201cuna forma de generar miedo y confusi\u00f3n entre los m\u00e9dicos\u201d. \u201cMi sumario era de hace cuatro a\u00f1os y surgi\u00f3 por un tema personal de Sergio Saldutto conmigo\u201d, asever\u00f3.<\/em><\/p>\n<p style=\"text-align: justify;\">El m\u00e9dico terapista Miguel \u00c1ngel Molinas, que fue cesanteado por la Municipalidad de su cargo en el Policl\u00ednico Santamarina de Esteban Echeverr\u00eda la semana pasada, sostuvo que esta determinaci\u00f3n de la Junta de Disciplina fue \u201cuna forma de generar miedo\u201d por parte del Ejecutivo hacia la Asociaci\u00f3n Sindical de Profesionales de la Salud (CICOP).<\/p>\n<p>\u201cNosotros venimos denunciando la situaci\u00f3n en la que est\u00e1 el hospital y ped\u00edamos permanentemente al intendente (Fernando Gray) que nos reciba para poder buscar una soluci\u00f3n\u201d, mencion\u00f3 Molinas.<\/p>\n<p>\u201cNo solamente no nos recibi\u00f3, sino que en respuesta a estas denuncias despidieron a gente de la cocina y se produjeron traslados\u201d, apunt\u00f3 el profesional que se ven\u00eda desempe\u00f1ando como jefe de la Unidad de Terapia Intensiva del hospital municipal y que, adem\u00e1s, pertenece a la comisi\u00f3n directiva de la CICOP.<\/p>\n<p>En ese sentido, resalt\u00f3 que \u201cterapia intensiva es un \u00e1rea muy sensible en cuanto a la falta de cosas\u201d, y acus\u00f3: \u201cSiguieron avanzando porque ya les molestaba, y desempolvaron sumarios que estaban cajoneados, como el m\u00edo, que era de cuatro a\u00f1os atr\u00e1s\u201d.<\/p>\n<p>Asimismo, coment\u00f3 que la determinaci\u00f3n de la junta \u201cno fue firmada por sus miembros del Sindicato de Trabajadores Municipales (STMEE), solamente por los dos del Ejecutivo\u201d, y asegur\u00f3 que hasta el momento no recibi\u00f3 notificaci\u00f3n de su despido.<\/p>\n<p>Para Molinas, \u201ceste acto fue una forma de generar miedo y confusi\u00f3n entre los miembros del gremio, porque al intendente no le gusta que se d\u00e9 a conocer la situaci\u00f3n por la que est\u00e1 atravesando el hospital. Es grav\u00edsimo lo que est\u00e1 pasando all\u00ed\u201d.<\/p>\n<p>Adem\u00e1s, se refiri\u00f3 al origen del sumario que tuvo lugar en el 2008, cuando el secretario de Salud era el hoy concejal Sergio Saldutto.<\/p>\n<p>\u201cEl se\u00f1or Saldutto ten\u00eda un conflicto personal conmigo y utiliz\u00f3 su funci\u00f3n p\u00fablica para poder sancionarme\u201d, asever\u00f3 Molinas.<\/p>\n<p>\u201cLo primero que hizo al asumir en la gesti\u00f3n de Gray fue sacarme de la jefatura de Terapia Intensiva por razones presupuestarias, donde yo cobraba 150 pesos por funci\u00f3n de jefe\u201d, coment\u00f3.<\/p>\n<p>Sin embargo, se\u00f1al\u00f3 que \u201ceso qued\u00f3 en la nada\u201d, y record\u00f3 que el intendente le pidi\u00f3 disculpas y lo restituy\u00f3 en el cargo. \u201cComo esto no prosper\u00f3, Saldutto inici\u00f3 un sumario por una supuesta incompatibilidad horaria con el otro lugar en el que yo trabajo\u201d, acus\u00f3.<\/p>\n<p>Seg\u00fan Molinas, \u201ceso hab\u00eda quedado cajoneado desde hace cuatro a\u00f1os y hab\u00eda muchas pruebas para anularlo, pero eso no vali\u00f3 de nada porque ya hab\u00eda una bajada de l\u00ednea para el cesanteo\u201d.<\/p>\n<p>\u201cEs un problema personal que Saldutto tiene conmigo de antes de ser funcionario\u201d, dispar\u00f3 el m\u00e9dico, y denunci\u00f3 que el edil \u201cutiliz\u00f3 la funci\u00f3n p\u00fablica para solucionar sus problemas personales\u201d.<\/p>\n<p>\u201cEra compa\u00f1ero nuestro del hospital y no ten\u00eda empacho en decirles a todos que ni bien asum\u00eda como secretario me iba \u2018a hacer mierda\u2019, se lo dec\u00eda a todos\u201d, sentenci\u00f3.<\/p>\n","protected":false},"excerpt":{"rendered":"<p>Lo indic\u00f3 el doctor Miguel Molinas, cesanteado la semana pasada por determinaci\u00f3n de la Junta de Disciplina del Municipio. Aunque a\u00fan no se lo notificaron, consider\u00f3 que su despido fue \u201cuna forma de generar miedo y confusi\u00f3n entre los m\u00e9dicos\u201d. \u201cMi sumario era de hace cuatro a\u00f1os y surgi\u00f3 por un tema personal de Sergio&hellip;<\/p>\n","protected":false},"author":1,"featured_media":0,"comment_status":"open","ping_status":"open","sticky":false,"template":"","format":"standard","meta":{"footnotes":""},"categories":[16],"tags":[291,1905,9430,14447,14446],"class_list":["post-31124","post","type-post","status-publish","format-standard","hentry","category-gremiales","tag-cicop","tag-esteban-echeverria","tag-fernando-gray","tag-miguel-molinas","tag-policlinico-santamarina"],"_links":{"self":[{"href":"https:\/\/www.elsindical.com.ar\/notas\/wp-json\/wp\/v2\/posts\/31124","targetHints":{"allow":["GET"]}}],"collection":[{"href":"https:\/\/www.elsindical.com.ar\/notas\/wp-json\/wp\/v2\/posts"}],"about":[{"href":"https:\/\/www.elsindical.com.ar\/notas\/wp-json\/wp\/v2\/types\/post"}],"author":[{"embeddable":true,"href":"https:\/\/www.elsindical.com.ar\/notas\/wp-json\/wp\/v2\/users\/1"}],"replies":[{"embeddable":true,"href":"https:\/\/www.elsindical.com.ar\/notas\/wp-json\/wp\/v2\/comments?post=31124"}],"version-history":[{"count":1,"href":"https:\/\/www.elsindical.com.ar\/notas\/wp-json\/wp\/v2\/posts\/31124\/revisions"}],"predecessor-version":[{"id":31126,"href":"https:\/\/www.elsindical.com.ar\/notas\/wp-json\/wp\/v2\/posts\/31124\/revisions\/31126"}],"wp:attachment":[{"href":"https:\/\/www.elsindical.com.ar\/notas\/wp-json\/wp\/v2\/media?parent=31124"}],"wp:term":[{"taxonomy":"category","embeddable":true,"href":"https:\/\/www.elsindical.com.ar\/notas\/wp-json\/wp\/v2\/categories?post=31124"},{"taxonomy":"post_tag","embeddable":true,"href":"https:\/\/www.elsindical.com.ar\/notas\/wp-json\/wp\/v2\/tags?post=31124"}],"curies":[{"name":"wp","href":"https:\/\/api.w.org\/{rel}","templated":true}]}}