{"id":31095,"date":"2012-12-19T21:29:23","date_gmt":"2012-12-20T00:29:23","guid":{"rendered":"http:\/\/www.elsindical.com.ar\/notas\/?p=31095"},"modified":"2012-12-19T21:29:23","modified_gmt":"2012-12-20T00:29:23","slug":"tarifazo-en-el-transporte-publico-felices-fiestas","status":"publish","type":"post","link":"https:\/\/www.elsindical.com.ar\/notas\/tarifazo-en-el-transporte-publico-felices-fiestas\/","title":{"rendered":"Tarifazo en el transporte p\u00fablico, felices fiestas"},"content":{"rendered":"<p style=\"text-align: justify;\"><em><img loading=\"lazy\" decoding=\"async\" class=\"alignleft size-medium wp-image-16471\" alt=\"Randazzo-conferencia-Casa-d\" src=\"http:\/\/www.elsindical.com.ar\/notas\/var\/www\/html\/notas\/wp-content\/uploads\/2011\/08\/Randazzo-conferencia-Casa-d-300x185.jpg\" width=\"300\" height=\"185\" srcset=\"https:\/\/www.elsindical.com.ar\/notas\/var\/www\/html\/notas\/wp-content\/uploads\/2011\/08\/Randazzo-conferencia-Casa-d-300x185.jpg 300w, https:\/\/www.elsindical.com.ar\/notas\/var\/www\/html\/notas\/wp-content\/uploads\/2011\/08\/Randazzo-conferencia-Casa-d.jpg 413w\" sizes=\"auto, (max-width: 300px) 100vw, 300px\" \/>Lo anunci\u00f3 esta noche el ministro Randazzo. El boleto m\u00ednimo de colectivo aumentar\u00e1 de $1,10 a $1,50. Y el de tren, de $0,70 a $1. Para los que no tengan la tarjeta SUBE, se duplica el valor m\u00ednimo de un viaje en colectivo: ahora costar\u00e1 $ 4.<\/em><\/p>\n<p style=\"text-align: justify;\">El Gobierno nacional dispuso fuertes aumentos en el transporte p\u00fablico. As\u00ed lo inform\u00f3 el ministro Florencio Randazzo en un anuncio sorpresivo realizado en el Sal\u00f3n de Conferencias de la Casa Rosada. Las subas, que regir\u00e1n a partir de las 0 horas del pr\u00f3ximo viernes, llegan hasta un 40% en el boleto de colectivo, pero \u00fanicamente para los que cuentan con la tarjeta sube ya que quienes deseen abonar con monedas \u00abpagar\u00e1n el doble\u00bb.<\/p>\n<p style=\"text-align: justify;\">El boleto m\u00ednimo de colectivo subir\u00e1 un<strong> 36%, ya que pasar\u00e1 de $1,10 a $1,50<\/strong>. Sin embargo, la tarifa m\u00e1s utilizada,<strong> la de $1,25, experimentar\u00e1 un aumento del 40%: el Gobierno la fij\u00f3 en $1,75<\/strong>.<\/p>\n<p style=\"text-align: justify;\">Mientras, seg\u00fan afirm\u00f3 Randazzo, \u00abel valor del tren va a pasar de 0,70 a 1 peso, es decir que el aumento es de 30 centavos\u00bb. Es decir, casi un 43%.<\/p>\n<p style=\"text-align: justify;\">Randazzo tambi\u00e9n anunci\u00f3 que \u00abquienes no usen la tarjeta SUBE pagar\u00e1n el doble\u00bb.<\/p>\n<p style=\"text-align: justify;\">Seg\u00fan el ministro del Interior y Transporte, quedar\u00e1n exentos de estos aumentos los jubilados y pensionados, quienes cobran la asignaci\u00f3n universal por hijo, empleados en casa de familia, ex combatientes de Malvinas y estudiantes primarios y secundarios.<\/p>\n<p style=\"text-align: justify;\">Aunque agreg\u00f3 que para gozar de ese beneficio, quienes est\u00e9n dentro de estos grupos deber\u00e1n presentar la documentaci\u00f3n que acredite esas condiciones en un plazo menor a 90 d\u00edas.<\/p>\n<p style=\"text-align: justify;\">\u00ab<strong>La segmentaci\u00f3n de tarifas har\u00e1 m\u00e1s eficiente al sistema de\u00a0 transporte p\u00fablico<\/strong>\u00ab, asegur\u00f3.\u00a0 Con estas medidas, el Estado ahorrar\u00e1 cerca de 1.200 millones de pesos anuales.<\/p>\n<p style=\"text-align: justify;\">Lo real y concreto es que el Gobierno Nacional y Popular, golpea a la clase trabajadora, en donde m\u00e1s lo siente, porque miles de ciudadanos viajan a diario para sus trabajos, recorriendo distancias que los hacen utilizar varios medios de transporte p\u00fablico.<\/p>\n","protected":false},"excerpt":{"rendered":"<p>Lo anunci\u00f3 esta noche el ministro Randazzo. El boleto m\u00ednimo de colectivo aumentar\u00e1 de $1,10 a $1,50. Y el de tren, de $0,70 a $1. Para los que no tengan la tarjeta SUBE, se duplica el valor m\u00ednimo de un viaje en colectivo: ahora costar\u00e1 $ 4. El Gobierno nacional dispuso fuertes aumentos en el&hellip;<\/p>\n","protected":false},"author":1,"featured_media":0,"comment_status":"open","ping_status":"open","sticky":false,"template":"","format":"standard","meta":{"footnotes":""},"categories":[9],"tags":[357,1995,8186,373,3467],"class_list":["post-31095","post","type-post","status-publish","format-standard","hentry","category-economia","tag-aumento","tag-florencio-randazzo","tag-sube","tag-tarifas","tag-transporte-publico"],"_links":{"self":[{"href":"https:\/\/www.elsindical.com.ar\/notas\/wp-json\/wp\/v2\/posts\/31095","targetHints":{"allow":["GET"]}}],"collection":[{"href":"https:\/\/www.elsindical.com.ar\/notas\/wp-json\/wp\/v2\/posts"}],"about":[{"href":"https:\/\/www.elsindical.com.ar\/notas\/wp-json\/wp\/v2\/types\/post"}],"author":[{"embeddable":true,"href":"https:\/\/www.elsindical.com.ar\/notas\/wp-json\/wp\/v2\/users\/1"}],"replies":[{"embeddable":true,"href":"https:\/\/www.elsindical.com.ar\/notas\/wp-json\/wp\/v2\/comments?post=31095"}],"version-history":[{"count":1,"href":"https:\/\/www.elsindical.com.ar\/notas\/wp-json\/wp\/v2\/posts\/31095\/revisions"}],"predecessor-version":[{"id":31096,"href":"https:\/\/www.elsindical.com.ar\/notas\/wp-json\/wp\/v2\/posts\/31095\/revisions\/31096"}],"wp:attachment":[{"href":"https:\/\/www.elsindical.com.ar\/notas\/wp-json\/wp\/v2\/media?parent=31095"}],"wp:term":[{"taxonomy":"category","embeddable":true,"href":"https:\/\/www.elsindical.com.ar\/notas\/wp-json\/wp\/v2\/categories?post=31095"},{"taxonomy":"post_tag","embeddable":true,"href":"https:\/\/www.elsindical.com.ar\/notas\/wp-json\/wp\/v2\/tags?post=31095"}],"curies":[{"name":"wp","href":"https:\/\/api.w.org\/{rel}","templated":true}]}}