{"id":31039,"date":"2012-12-18T18:40:35","date_gmt":"2012-12-18T21:40:35","guid":{"rendered":"http:\/\/www.elsindical.com.ar\/notas\/?p=31039"},"modified":"2012-12-18T18:40:35","modified_gmt":"2012-12-18T21:40:35","slug":"juninadalberto-cuello-fue-condenado-a-prision-perpetua-por-el-crimen-de-tomas","status":"publish","type":"post","link":"https:\/\/www.elsindical.com.ar\/notas\/juninadalberto-cuello-fue-condenado-a-prision-perpetua-por-el-crimen-de-tomas\/","title":{"rendered":"Jun\u00edn:Adalberto Cuello fue condenado a prisi\u00f3n perpetua por el crimen de Tom\u00e1s"},"content":{"rendered":"<p style=\"text-align: justify;\"><em><img loading=\"lazy\" decoding=\"async\" class=\"alignleft size-medium wp-image-31040\" alt=\"Adalberto-Cuello-juicio-oral\" src=\"http:\/\/www.elsindical.com.ar\/notas\/var\/www\/html\/notas\/wp-content\/uploads\/2012\/12\/Adalberto-Cuello-juicio-oral-300x224.jpg\" width=\"300\" height=\"224\" srcset=\"https:\/\/www.elsindical.com.ar\/notas\/var\/www\/html\/notas\/wp-content\/uploads\/2012\/12\/Adalberto-Cuello-juicio-oral-300x224.jpg 300w, https:\/\/www.elsindical.com.ar\/notas\/var\/www\/html\/notas\/wp-content\/uploads\/2012\/12\/Adalberto-Cuello-juicio-oral-400x300.jpg 400w, https:\/\/www.elsindical.com.ar\/notas\/var\/www\/html\/notas\/wp-content\/uploads\/2012\/12\/Adalberto-Cuello-juicio-oral.jpg 443w\" sizes=\"auto, (max-width: 300px) 100vw, 300px\" \/>El padrastro del menor era el \u00fanico acusado por el crimen ocurrido en Lincoln en noviembre de 2011. El Tribunal Oral 1 de Jun\u00edn consider\u00f3 que el asesinato fue cometido <strong>\u00abalevos\u00eda\u00bb<\/strong>.<\/em><\/p>\n<div style=\"text-align: justify;\">\n<p>El Tribunal Oral 1 de Jun\u00edn <strong>conden\u00f3 a Adalberto Cuello a la pena de prisi\u00f3n perpetua por el crimen de Tom\u00e1s Santillan<\/strong>, el ni\u00f1o de 9 a\u00f1os hijo de su ex pareja y a quien culpaba del final de la relaci\u00f3n.<\/p>\n<p>As\u00ed lo resolvieron los jueces Miguel Angel Vilaseca Parisi, Karina Lorena Piegari y Claudia Beatriz Dana, al dar lectura a los fundamentos y el veredicto del fallo, en donde sostuvieron que el crimen se enmarc\u00f3 en un caso de \u00abviolencia de g\u00e9nero\u00bb.<\/p>\n<p>El tribunal determin\u00f3 que se trat\u00f3 de <strong>un homicidio agravado por \u00abalevos\u00eda\u00bb por la \u00abindefensi\u00f3n\u00bb del menor de edad<\/strong>, pero descart\u00f3 el agravante de \u00abensa\u00f1amiento\u00bb porque, seg\u00fan sostuvo, no se logr\u00f3 determinar que Cuello actu\u00f3 \u00abcon una intenci\u00f3n cruel\u00bb y \u00abactos innecesarios para matar\u00bb, extendiendo voluntariamente \u00abla agon\u00eda\u00bb del ni\u00f1o.<\/p>\n<p>La fiscal\u00eda de Jun\u00edn hab\u00eda solicitado la reclusi\u00f3n perpetua y el funcionario p\u00fablico Javier Ochoaizpuro consider\u00f3 en su alegato que el imputado <strong>\u00absupo discernir entre el bien y el mal\u00bb<\/strong> y tuvo \u00abla capacidad de comprensi\u00f3n de la conducta que estaba llevando a cabo\u00bb.<\/p>\n<p>Adem\u00e1s, el fiscal valor\u00f3 la cadena de testimonios que hab\u00eda involucrado al acusado, entre ellos los dichos de un nene de 8 a\u00f1os, primo y amigo de Tom\u00e1s, que refiri\u00f3 haber visto a Cuello merodeando por la escuela y cont\u00f3 el terror que le ten\u00eda la criatura a su padrastro.<\/p>\n<p>El abogado querellante, Carlos Torrens, que representa a Susana Santill\u00e1n, la madre de la v\u00edctima, adhiri\u00f3 a la pena solicitada por el fiscal.<\/p>\n<p>Por su parte, el defensor de Cuello, Gerardo Doyle, pidi\u00f3 que su cliente sea absuelto por falta de pruebas o, en su defecto, condenado por \u00abhomicidio simple\u00bb debido a que, a su criterio, la Justicia no prob\u00f3 los agravantes de ensa\u00f1amiento y alevos\u00eda.<\/p>\n<p><strong>\u201cLa justicia actu\u00f3 con celeridad\u201d<\/strong><\/p>\n<p>\u201c<strong>Es un fallo ejemplar<\/strong>. Felicitamos al fiscal y a todos los que intervinieron porque fue un trabajo extraordinario de la Justicia. <strong>En un a\u00f1o tener una sentencia es un m\u00e9rito<\/strong>. Y muy bueno para la sociedad, que vea que sus jueces razones\u00bb, coment\u00f3 el ministro de Seguridad bonaerense, <strong>Ricardo Casal<\/strong>, quien escuch\u00f3 el fallo en la sala.<\/p>\n<p>Casal alab\u00f3 as\u00ed el escaso tiempo que pas\u00f3 entre crimen y la sentencia, muy corto en comparaci\u00f3n con otros casos. \u201cAfortunadamente la justicia actu\u00f3 con celeridad<strong>. A las pocas horas del crimen se determin\u00f3 que hab\u00eda sido Cuello. Y todo termin\u00f3 con este veredicto ejemplar, despu\u00e9s de un gran trabajo del fiscal, que estuvo 72 horas sin dormir<\/strong> y no se movi\u00f3 de Lincoln hasta tener el caso m\u00e1s o menos encuadrado\u201d, sostuvo.<\/p>\n<p>\u201c<strong>Este hecho trae una cuesti\u00f3n de g\u00e9nero. El mismo fallo dice que Cuello le peg\u00f3 a Leonor donde m\u00e1s le dol\u00eda. Le quiso causar dolor a ella<\/strong>\u201d, agreg\u00f3.<\/p>\n<\/div>\n","protected":false},"excerpt":{"rendered":"<p>El padrastro del menor era el \u00fanico acusado por el crimen ocurrido en Lincoln en noviembre de 2011. El Tribunal Oral 1 de Jun\u00edn consider\u00f3 que el asesinato fue cometido \u00abalevos\u00eda\u00bb. El Tribunal Oral 1 de Jun\u00edn conden\u00f3 a Adalberto Cuello a la pena de prisi\u00f3n perpetua por el crimen de Tom\u00e1s Santillan, el ni\u00f1o&hellip;<\/p>\n","protected":false},"author":1,"featured_media":0,"comment_status":"open","ping_status":"open","sticky":false,"template":"","format":"standard","meta":{"footnotes":""},"categories":[20],"tags":[9197,14410,14408,14412,14409,7748,14407,14406,14411,4682],"class_list":["post-31039","post","type-post","status-publish","format-standard","hentry","category-judiciales","tag-adalberto-cuello","tag-carlos-torrens","tag-claudia-beatriz-dana","tag-gerardo-doyle","tag-javier-ochoaizpuro","tag-junin","tag-karina-lorena-piegari","tag-miguel-angel-vilaseca","tag-susana-santillan","tag-toc-1"],"_links":{"self":[{"href":"https:\/\/www.elsindical.com.ar\/notas\/wp-json\/wp\/v2\/posts\/31039","targetHints":{"allow":["GET"]}}],"collection":[{"href":"https:\/\/www.elsindical.com.ar\/notas\/wp-json\/wp\/v2\/posts"}],"about":[{"href":"https:\/\/www.elsindical.com.ar\/notas\/wp-json\/wp\/v2\/types\/post"}],"author":[{"embeddable":true,"href":"https:\/\/www.elsindical.com.ar\/notas\/wp-json\/wp\/v2\/users\/1"}],"replies":[{"embeddable":true,"href":"https:\/\/www.elsindical.com.ar\/notas\/wp-json\/wp\/v2\/comments?post=31039"}],"version-history":[{"count":1,"href":"https:\/\/www.elsindical.com.ar\/notas\/wp-json\/wp\/v2\/posts\/31039\/revisions"}],"predecessor-version":[{"id":31041,"href":"https:\/\/www.elsindical.com.ar\/notas\/wp-json\/wp\/v2\/posts\/31039\/revisions\/31041"}],"wp:attachment":[{"href":"https:\/\/www.elsindical.com.ar\/notas\/wp-json\/wp\/v2\/media?parent=31039"}],"wp:term":[{"taxonomy":"category","embeddable":true,"href":"https:\/\/www.elsindical.com.ar\/notas\/wp-json\/wp\/v2\/categories?post=31039"},{"taxonomy":"post_tag","embeddable":true,"href":"https:\/\/www.elsindical.com.ar\/notas\/wp-json\/wp\/v2\/tags?post=31039"}],"curies":[{"name":"wp","href":"https:\/\/api.w.org\/{rel}","templated":true}]}}