{"id":3101,"date":"2010-01-24T01:21:28","date_gmt":"2010-01-24T04:21:28","guid":{"rendered":"http:\/\/www.elsindical.com.ar\/notas\/?p=3101"},"modified":"2010-01-24T01:21:28","modified_gmt":"2010-01-24T04:21:28","slug":"%c2%bfes-realmente-abogado-anibal-fernandez","status":"publish","type":"post","link":"https:\/\/www.elsindical.com.ar\/notas\/%c2%bfes-realmente-abogado-anibal-fernandez\/","title":{"rendered":"\u00bfEs realmente abogado An\u00edbal Fern\u00e1ndez?"},"content":{"rendered":"<p style=\"text-align: justify;\"><a href=\"http:\/\/www.elsindical.com.ar\/notas\/var\/www\/html\/notas\/wp-content\/uploads\/2010\/01\/An\u00edbal-Fern\u00e1ndez-gesto.jpg\"><img loading=\"lazy\" decoding=\"async\" class=\"alignleft size-full wp-image-3102\" title=\"An\u00edbal-Fern\u00e1ndez-gesto\" src=\"http:\/\/www.elsindical.com.ar\/notas\/var\/www\/html\/notas\/wp-content\/uploads\/2010\/01\/An\u00edbal-Fern\u00e1ndez-gesto.jpg\" alt=\"\" width=\"283\" height=\"170\" \/><\/a>An\u00edbal Fern\u00e1ndez jur\u00f3 como abogado en julio de 2008. Aunque pocos recuerdan haberlo visto transitar con asiduidad por las aulas de la Universidad de Lomas de Zamora, el Jefe de Gabinete recibi\u00f3 su diploma junto a muchos otros alumnos que s\u00ed concurrieron fielmente a cada c\u00e1tedra dictada por esa casa de estudios.<\/p>\n<p style=\"text-align: justify;\">A poco de diplomarse, algunos exabruptos cometidos en torno a cuestiones judiciales puntuales, encendieron las alarmas en diversas agrupaciones de profesionales, las cuales percibieron la falta de conocimiento esencial del derecho por parte de Fern\u00e1ndez.<\/p>\n<p style=\"text-align: justify;\"><strong>En voz baja muchos empezaron a preguntarse \u2013y a\u00fan hoy se preguntan- \u00bfes An\u00edbal abogado?<\/strong><strong><\/strong><\/p>\n<p style=\"text-align: justify;\">Uno de los \u00faltimos cuestionamientos provino del mism\u00edsimo Colegio P\u00fablico de Abogados de la Capital Federal, una de las asociaciones m\u00e1s poderosas del pa\u00eds a nivel profesional-letrado.<\/p>\n<p style=\"text-align: justify;\">Luego de haber admitido p\u00fablicamente haber sido quien llev\u00f3 adelante toda la estrategia procesal-judicial en torno al tema BCRA, Fern\u00e1ndez fue duramente cuestionado por ese cuerpo <strong>y se pidi\u00f3 incluso que le fuera retirada su matr\u00edcula profesional, de acuerdo a lo que rezan los art\u00edculos 19 y 44, inc. C de la ley 23.187<\/strong>.<\/p>\n<p style=\"text-align: justify;\">Si a esto se suman las intervenciones verbales que este \u00faltimo ha tenido en torno a diversas causas judiciales de gran relevancia coyuntural, podr\u00eda decirse que su conocimiento del derecho es casi nulo.<\/p>\n<p style=\"text-align: justify;\">Desde el seno del propio gobierno se ha cuestionado al Jefe de Gabinete y hasta se le pidi\u00f3 en m\u00e1s de una oportunidad de se callara la boca antes de decir tantas \u201cgansadas\u201d.<\/p>\n<p style=\"text-align: justify;\">Los mismos que han pedido esa prudencia, son los que dudan que se haya recibido de abogado de manera \u201climpia\u201d.<\/p>\n<p style=\"text-align: justify;\">\u201cTendr\u00edas que investigar y difundir el modo irregular con que An\u00edbal Fern\u00e1ndez se recibi\u00f3 de Abogado en la Facultad de Derecho de la UNLZ. Se dice, y con raz\u00f3n, que Tulio (actual Director Nacional electoral, nombrado en ese cargo por An\u00edbal, y rector de esa Facultad en los 90 y 2000, <strong>presionaba a docentes para que firme las actas de aprobaci\u00f3n de distintos sindicalistas y pol\u00edticos, entre ellos las notas del jefe de Gabinete, de quien se dice que curs\u00f3 unas pocas materias<\/strong>\u201d, asegur\u00f3 a este periodista una fuente de informaci\u00f3n oficial que se contact\u00f3 a trav\u00e9s de los comentarios de la p\u00e1gina de <em>Tribuna de periodistas<\/em>.<\/p>\n<p style=\"text-align: justify;\">El informante revista en las filas del ministerio de Justicia y confiesa que existen pruebas \u201cmuy fuertes\u201d acerca de que An\u00edbal no es abogado.<\/p>\n<p style=\"text-align: justify;\">Lo mismo asegur\u00f3 a este peri\u00f3dico un letrado que supo trabajar en la Secretar\u00eda General de la Presidencia, bajo las \u00f3rdenes de Carlos \u201cChino\u201d Zanini: \u201cnosotros siempre supimos que An\u00edbal no era abogado, pero era algo que no se pod\u00eda mencionar. Era un tema tab\u00fa en las reuniones que ten\u00edamos\u201d.<\/p>\n<p style=\"text-align: justify;\">En sentido similar opinaron otras dos fuentes de informaci\u00f3n oficiales consultadas para este art\u00edculo, todos en estricto <em>off the record<\/em> por temor a perder sus propios puestos en la administraci\u00f3n p\u00fablica nacional.<\/p>\n<p style=\"text-align: justify;\">Si el dato termina de confirmarse \u2013<em>Tribuna<\/em> trabaja en estas horas para esclarecerlo- y se comprueba que Fern\u00e1ndez no es abogado, ser\u00eda un esc\u00e1ndalo de enormes proporciones.<\/p>\n<p style=\"text-align: justify;\">O tal vez no: \u00bfqu\u00e9 le hace una mancha m\u00e1s al tigre?\u00a0<\/p>\n<p style=\"text-align: justify;\"><strong>Christian Sanz\u00a0<\/strong><\/p>\n<p style=\"text-align: justify;\"><strong>Fuente: Peri\u00f3dico Tribuna<\/strong><\/p>\n","protected":false},"excerpt":{"rendered":"<p>An\u00edbal Fern\u00e1ndez jur\u00f3 como abogado en julio de 2008. Aunque pocos recuerdan haberlo visto transitar con asiduidad por las aulas de la Universidad de Lomas de Zamora, el Jefe de Gabinete recibi\u00f3 su diploma junto a muchos otros alumnos que s\u00ed concurrieron fielmente a cada c\u00e1tedra dictada por esa casa de estudios. A poco de&hellip;<\/p>\n","protected":false},"author":1,"featured_media":0,"comment_status":"open","ping_status":"open","sticky":false,"template":"","format":"standard","meta":{"footnotes":""},"categories":[21],"tags":[501,1668,130,205,367,1669,744],"class_list":["post-3101","post","type-post","status-publish","format-standard","hentry","category-opinion","tag-abogado","tag-alejandro-tulio","tag-anibal-fernandez","tag-christian-sanz","tag-colegio","tag-examenes","tag-lomas-de-zamora"],"_links":{"self":[{"href":"https:\/\/www.elsindical.com.ar\/notas\/wp-json\/wp\/v2\/posts\/3101","targetHints":{"allow":["GET"]}}],"collection":[{"href":"https:\/\/www.elsindical.com.ar\/notas\/wp-json\/wp\/v2\/posts"}],"about":[{"href":"https:\/\/www.elsindical.com.ar\/notas\/wp-json\/wp\/v2\/types\/post"}],"author":[{"embeddable":true,"href":"https:\/\/www.elsindical.com.ar\/notas\/wp-json\/wp\/v2\/users\/1"}],"replies":[{"embeddable":true,"href":"https:\/\/www.elsindical.com.ar\/notas\/wp-json\/wp\/v2\/comments?post=3101"}],"version-history":[{"count":1,"href":"https:\/\/www.elsindical.com.ar\/notas\/wp-json\/wp\/v2\/posts\/3101\/revisions"}],"predecessor-version":[{"id":3103,"href":"https:\/\/www.elsindical.com.ar\/notas\/wp-json\/wp\/v2\/posts\/3101\/revisions\/3103"}],"wp:attachment":[{"href":"https:\/\/www.elsindical.com.ar\/notas\/wp-json\/wp\/v2\/media?parent=3101"}],"wp:term":[{"taxonomy":"category","embeddable":true,"href":"https:\/\/www.elsindical.com.ar\/notas\/wp-json\/wp\/v2\/categories?post=3101"},{"taxonomy":"post_tag","embeddable":true,"href":"https:\/\/www.elsindical.com.ar\/notas\/wp-json\/wp\/v2\/tags?post=3101"}],"curies":[{"name":"wp","href":"https:\/\/api.w.org\/{rel}","templated":true}]}}