{"id":31007,"date":"2012-12-18T01:51:44","date_gmt":"2012-12-18T04:51:44","guid":{"rendered":"http:\/\/www.elsindical.com.ar\/notas\/?p=31007"},"modified":"2012-12-18T01:52:19","modified_gmt":"2012-12-18T04:52:19","slug":"el-consejo-de-la-magistratura-esta-en-crisis-afirmo-zaffaroni","status":"publish","type":"post","link":"https:\/\/www.elsindical.com.ar\/notas\/el-consejo-de-la-magistratura-esta-en-crisis-afirmo-zaffaroni\/","title":{"rendered":"\u201cEl Consejo de la Magistratura est\u00e1 en crisis\u201d, afirm\u00f3 Zaffaroni"},"content":{"rendered":"<p style=\"text-align: justify;\"><em>El Juez de la Corte Suprema de Justicia se\u00f1al\u00f3 que <strong>\u00abel Consejo de la Magistratura est\u00e1 trabado principalmente en lo relacionado a la designaci\u00f3n de jueces\u00bb<\/strong>, y consider\u00f3 que \u201chay que encontrar un mecanismo que lo destrabe\u00bb.<\/em><\/p>\n<p style=\"text-align: justify;\">Al ser consultado sobre el presente del Poder Judicial, el integrante de la Corte consider\u00f3 tambi\u00e9n que \u201cno se puede hablar de corporaci\u00f3n\u201d y que en la Justicia est\u00e1 garantizada la \u201cpluralidad ideol\u00f3gica\u201d.<\/p>\n<p style=\"text-align: justify;\">Zaffaroni formul\u00f3 estos conceptos al ingresar al cine Gaumont, donde particip\u00f3 de una mesa redonda sobre Seguridad, Prevenci\u00f3n y Violencia, organizada por la Central de Trabajadores de la Argentina (CTA) que encabeza Hugo Yasky.<\/p>\n<p style=\"text-align: justify;\">Por su condici\u00f3n de Juez de la Corte,\u00a0 Eugenio Zaffaroni evit\u00f3 referirse a los pasos que podr\u00edan continuar en relaci\u00f3n con la aplicaci\u00f3n de la Ley de Medios; en tanto que calific\u00f3 como \u201cnegativa la posibilidad de aplicar el juicio por jurados\u201d tal como est\u00e1 planteada.<\/p>\n<p style=\"text-align: justify;\">Sobre el proyecto de Ley de Tratas que esta semana ser\u00e1 debatido en la C\u00e1mara de Diputados se mostr\u00f3 de acuerdo con su sanci\u00f3n y asever\u00f3 que \u201cla trata es un delito que no puede cometerse si no es con encubrimiento policial\u201d.<\/p>\n<div style=\"text-align: justify;\"><img decoding=\"async\" title=\"\" alt=\"\" src=\"http:\/\/www.telam.com.ar\/advf\/imagenes\/2012\/12\/50cfc4c5f11c2_260x173.jpg\" \/><\/div>\n<p style=\"text-align: justify;\">Durante su disertaci\u00f3n, Zaffaroni present\u00f3 ante la central de trabajadores el informe sobre homicidios elaborado por el Instituto de Investigaciones de la Corte Suprema.<\/p>\n<p style=\"text-align: justify;\">All\u00ed expuso el relevamiento de homicidios dolosos ocurridos en la Ciudad de Buenos Aires en los a\u00f1os 2010 y 2011, en lo que consider\u00f3 como \u201cun informe valioso que se tendr\u00eda que repetir en otras jurisdicciones\u201d.<\/p>\n<p style=\"text-align: justify;\">El informe destaca que los delitos fueron del 6,57 por 100.000 y que la mayor\u00eda de ellos se dan en la medialuna sur de la ciudad, apreci\u00e1ndose, adem\u00e1s, una importante densidad de hechos en determinadas zonas.<\/p>\n<p style=\"text-align: justify;\">Revela tambi\u00e9n que la mayor\u00eda de los casos ocurren en fines de semana, entre personas extranjeras y que se conocen entre s\u00ed, y que el principal causante son las armas de fuego.<\/p>\n<p style=\"text-align: justify;\">\u201cUn bajo porcentaje de estos delitos son cometidos por menores, lo que demuestra que la baja de la edad de imputabilidad no ser\u00eda determinante para que disminuyan\u201d, enfatiz\u00f3.<\/p>\n<p style=\"text-align: justify;\">Con respecto a las posibles soluciones, el magistrado dijo que \u201chay que ver cu\u00e1l es el conflicto base que desata el delito\u201d y \u201capuntar a la prevenci\u00f3n en seguridad\u201d.<\/p>\n<p style=\"text-align: justify;\">Por su parte, el periodista e integrante del Centro de Estudios Legales y Sociales (CELS), Horacio Verbitsky, tambi\u00e9n integrante de la mesa de debate, consider\u00f3 que \u201cexisten muchos pol\u00edticos oportunistas y demagogos que usan este tema porque es bueno para juntar votos\u201d.<\/p>\n<p style=\"text-align: justify;\">Verbitsky destac\u00f3 \u201cla pol\u00edtica llevada adelante en varios distritos donde la polic\u00eda act\u00faa con cuerpos especiales caminando los territorios de los barrios carenciados\u201d, y contrapuso esta metodolog\u00eda con \u201clos megaoperativos medi\u00e1ticos como el del caso Candela (en Hurlingham), donde el gobernador (bonaerense, Daniel) Scioli y (su ministro de seguridad, Ricardo) Casal pisoteaban la escena del crimen\u201d.<\/p>\n<p style=\"text-align: justify;\">Fuente:T\u00e9lam<\/p>\n","protected":false},"excerpt":{"rendered":"<p>El Juez de la Corte Suprema de Justicia se\u00f1al\u00f3 que \u00abel Consejo de la Magistratura est\u00e1 trabado principalmente en lo relacionado a la designaci\u00f3n de jueces\u00bb, y consider\u00f3 que \u201chay que encontrar un mecanismo que lo destrabe\u00bb. Al ser consultado sobre el presente del Poder Judicial, el integrante de la Corte consider\u00f3 tambi\u00e9n que \u201cno&hellip;<\/p>\n","protected":false},"author":1,"featured_media":0,"comment_status":"open","ping_status":"open","sticky":false,"template":"","format":"standard","meta":{"footnotes":""},"categories":[21],"tags":[776,7573,6157],"class_list":["post-31007","post","type-post","status-publish","format-standard","hentry","category-opinion","tag-consejo-de-la-magistratura","tag-eugenio-raul-zaffaroni","tag-horacio-verbitsky"],"_links":{"self":[{"href":"https:\/\/www.elsindical.com.ar\/notas\/wp-json\/wp\/v2\/posts\/31007","targetHints":{"allow":["GET"]}}],"collection":[{"href":"https:\/\/www.elsindical.com.ar\/notas\/wp-json\/wp\/v2\/posts"}],"about":[{"href":"https:\/\/www.elsindical.com.ar\/notas\/wp-json\/wp\/v2\/types\/post"}],"author":[{"embeddable":true,"href":"https:\/\/www.elsindical.com.ar\/notas\/wp-json\/wp\/v2\/users\/1"}],"replies":[{"embeddable":true,"href":"https:\/\/www.elsindical.com.ar\/notas\/wp-json\/wp\/v2\/comments?post=31007"}],"version-history":[{"count":2,"href":"https:\/\/www.elsindical.com.ar\/notas\/wp-json\/wp\/v2\/posts\/31007\/revisions"}],"predecessor-version":[{"id":31009,"href":"https:\/\/www.elsindical.com.ar\/notas\/wp-json\/wp\/v2\/posts\/31007\/revisions\/31009"}],"wp:attachment":[{"href":"https:\/\/www.elsindical.com.ar\/notas\/wp-json\/wp\/v2\/media?parent=31007"}],"wp:term":[{"taxonomy":"category","embeddable":true,"href":"https:\/\/www.elsindical.com.ar\/notas\/wp-json\/wp\/v2\/categories?post=31007"},{"taxonomy":"post_tag","embeddable":true,"href":"https:\/\/www.elsindical.com.ar\/notas\/wp-json\/wp\/v2\/tags?post=31007"}],"curies":[{"name":"wp","href":"https:\/\/api.w.org\/{rel}","templated":true}]}}