{"id":30998,"date":"2012-12-17T23:40:02","date_gmt":"2012-12-18T02:40:02","guid":{"rendered":"http:\/\/www.elsindical.com.ar\/notas\/?p=30998"},"modified":"2012-12-17T23:40:02","modified_gmt":"2012-12-18T02:40:02","slug":"caballitojoven-ataco-a-punaladas-a-su-novio-por-presunta-infidelidad","status":"publish","type":"post","link":"https:\/\/www.elsindical.com.ar\/notas\/caballitojoven-ataco-a-punaladas-a-su-novio-por-presunta-infidelidad\/","title":{"rendered":"Caballito:Joven atac\u00f3 a pu\u00f1aladas a su novio por presunta infidelidad"},"content":{"rendered":"<p style=\"text-align: justify;\"><em><img loading=\"lazy\" decoding=\"async\" class=\"alignleft size-full wp-image-14091\" alt=\"cuchillo-con-sangre\" src=\"http:\/\/www.elsindical.com.ar\/notas\/var\/www\/html\/notas\/wp-content\/uploads\/2011\/05\/cuchillo-con-sangre.jpg\" width=\"207\" height=\"207\" srcset=\"https:\/\/www.elsindical.com.ar\/notas\/var\/www\/html\/notas\/wp-content\/uploads\/2011\/05\/cuchillo-con-sangre.jpg 207w, https:\/\/www.elsindical.com.ar\/notas\/var\/www\/html\/notas\/wp-content\/uploads\/2011\/05\/cuchillo-con-sangre-150x150.jpg 150w\" sizes=\"auto, (max-width: 207px) 100vw, 207px\" \/>El episodio ocurri\u00f3 a las 18 de ayer en una vivienda de R\u00edo de Janeiro al 200, donde la v\u00edctima discuti\u00f3 con su pareja, de 20 a\u00f1os, por una supuesta infidelidad que hab\u00eda cometido. Los voceros explicaron que durante la pelea, la mujer alcanz\u00f3 a tomar un cuchillo de la cocina con el cual hiri\u00f3 en dos oportunidades a su novio en el t\u00f3rax.<\/em><\/p>\n<p style=\"text-align: justify;\">Un joven de 25 a\u00f1os fue herido de dos pu\u00f1aladas en el t\u00f3rax en su casa del barrio porte\u00f1o de Caballito tras protagonizar una pelea con su novia, quien confes\u00f3 el hecho a la polic\u00eda y fue detenida.<\/p>\n<p>Minutos m\u00e1s tarde, arrib\u00f3 al lugar un patrullero de la comisar\u00eda 11a. de la Polic\u00eda Federal que hab\u00eda sido alertado por un vecino del inmueble que escuch\u00f3 los gritos durante la discusi\u00f3n.<\/p>\n<p>Tras ser auxiliado por los agentes, el herido fue asistido por los m\u00e9dicos de una ambulancia del SAME y luego trasladado al hospital Durand, donde qued\u00f3 internado. M\u00e1s tarde, tras escuchar los testimonios de la v\u00edctima y de los vecinos del lugar, los agentes detuvieron a la pareja del joven, quien al momento de su arresto confes\u00f3 haber herido intencionalmente a su novio durante la pelea.<\/p>\n","protected":false},"excerpt":{"rendered":"<p>El episodio ocurri\u00f3 a las 18 de ayer en una vivienda de R\u00edo de Janeiro al 200, donde la v\u00edctima discuti\u00f3 con su pareja, de 20 a\u00f1os, por una supuesta infidelidad que hab\u00eda cometido. Los voceros explicaron que durante la pelea, la mujer alcanz\u00f3 a tomar un cuchillo de la cocina con el cual hiri\u00f3&hellip;<\/p>\n","protected":false},"author":1,"featured_media":0,"comment_status":"open","ping_status":"open","sticky":false,"template":"","format":"standard","meta":{"footnotes":""},"categories":[22],"tags":[400,6775,1515,2917,240,958,2499],"class_list":["post-30998","post","type-post","status-publish","format-standard","hentry","category-policiales","tag-caballito","tag-cria-11","tag-cuchillo","tag-hospital-durand","tag-pareja","tag-policia-federal","tag-same"],"_links":{"self":[{"href":"https:\/\/www.elsindical.com.ar\/notas\/wp-json\/wp\/v2\/posts\/30998","targetHints":{"allow":["GET"]}}],"collection":[{"href":"https:\/\/www.elsindical.com.ar\/notas\/wp-json\/wp\/v2\/posts"}],"about":[{"href":"https:\/\/www.elsindical.com.ar\/notas\/wp-json\/wp\/v2\/types\/post"}],"author":[{"embeddable":true,"href":"https:\/\/www.elsindical.com.ar\/notas\/wp-json\/wp\/v2\/users\/1"}],"replies":[{"embeddable":true,"href":"https:\/\/www.elsindical.com.ar\/notas\/wp-json\/wp\/v2\/comments?post=30998"}],"version-history":[{"count":1,"href":"https:\/\/www.elsindical.com.ar\/notas\/wp-json\/wp\/v2\/posts\/30998\/revisions"}],"predecessor-version":[{"id":30999,"href":"https:\/\/www.elsindical.com.ar\/notas\/wp-json\/wp\/v2\/posts\/30998\/revisions\/30999"}],"wp:attachment":[{"href":"https:\/\/www.elsindical.com.ar\/notas\/wp-json\/wp\/v2\/media?parent=30998"}],"wp:term":[{"taxonomy":"category","embeddable":true,"href":"https:\/\/www.elsindical.com.ar\/notas\/wp-json\/wp\/v2\/categories?post=30998"},{"taxonomy":"post_tag","embeddable":true,"href":"https:\/\/www.elsindical.com.ar\/notas\/wp-json\/wp\/v2\/tags?post=30998"}],"curies":[{"name":"wp","href":"https:\/\/api.w.org\/{rel}","templated":true}]}}