{"id":30987,"date":"2012-12-17T14:40:14","date_gmt":"2012-12-17T17:40:14","guid":{"rendered":"http:\/\/www.elsindical.com.ar\/notas\/?p=30987"},"modified":"2012-12-17T14:40:14","modified_gmt":"2012-12-17T17:40:14","slug":"palermodisparos-en-robo-a-restaurante","status":"publish","type":"post","link":"https:\/\/www.elsindical.com.ar\/notas\/palermodisparos-en-robo-a-restaurante\/","title":{"rendered":"Palermo:Disparos en robo a restaurante"},"content":{"rendered":"<p style=\"text-align: justify;\"><em><img loading=\"lazy\" decoding=\"async\" class=\"alignleft size-medium wp-image-30988\" alt=\"Osaka-restaurante-peruano\" src=\"http:\/\/www.elsindical.com.ar\/notas\/var\/www\/html\/notas\/wp-content\/uploads\/2012\/12\/Osaka-restaurante-peruano-300x200.jpg\" width=\"300\" height=\"200\" srcset=\"https:\/\/www.elsindical.com.ar\/notas\/var\/www\/html\/notas\/wp-content\/uploads\/2012\/12\/Osaka-restaurante-peruano-300x200.jpg 300w, https:\/\/www.elsindical.com.ar\/notas\/var\/www\/html\/notas\/wp-content\/uploads\/2012\/12\/Osaka-restaurante-peruano-449x300.jpg 449w, https:\/\/www.elsindical.com.ar\/notas\/var\/www\/html\/notas\/wp-content\/uploads\/2012\/12\/Osaka-restaurante-peruano.jpg 502w\" sizes=\"auto, (max-width: 300px) 100vw, 300px\" \/>Dos delincuentes ingresaron a un local de comida peruana sobre la calle Soler, esquina Fitz Roy, y se llevaron dinero de la caja y pertenencias de clientes. La polic\u00eda mont\u00f3 un operativo de rastrillaje pero todav\u00eda no pudo localizar a los ladrones.<\/em><\/p>\n<p style=\"text-align: justify;\">Dos delincuentes asaltaron hoy un restaurante de comida peruana en el barrio porte\u00f1o de Palermo, donde robaron dinero y uno de ellos realiz\u00f3 unos disparos con un arma de fuego antes de escapar, aunque no hiri\u00f3 a ninguna persona.<\/p>\n<p>Fuentes policiales informaron que el hecho ocurri\u00f3 minutos despu\u00e9s de las 11:00 hs.\u00a0en el comercio \u00abOsaka\u00bb, situado en Soler 5608, esquina Fitz Roy, donde hab\u00eda unos 20 comensales cuando llegaron los ladrones.<\/p>\n<p>Los voceros explicaron que luego de amenazar a los empleados, los asaltantes robaron dinero de la caja y pertenencias de dos clientes, hasta que uno de ellos efectu\u00f3 un balazo, aparentemente intimidatorio, que no lleg\u00f3 a herir a nadie, para finalmente huir.<\/p>\n<p>Minutos despu\u00e9s, arribaron al local agentes de la comisar\u00eda 31 de la Polic\u00eda Federal, quienes concretaron un operativo \u00abrastrillaje\u00bb en las inmediaciones para dar con los ladrones, aunque no lograron localizarlos.<\/p>\n","protected":false},"excerpt":{"rendered":"<p>Dos delincuentes ingresaron a un local de comida peruana sobre la calle Soler, esquina Fitz Roy, y se llevaron dinero de la caja y pertenencias de clientes. La polic\u00eda mont\u00f3 un operativo de rastrillaje pero todav\u00eda no pudo localizar a los ladrones. Dos delincuentes asaltaron hoy un restaurante de comida peruana en el barrio porte\u00f1o&hellip;<\/p>\n","protected":false},"author":1,"featured_media":0,"comment_status":"open","ping_status":"open","sticky":false,"template":"","format":"standard","meta":{"footnotes":""},"categories":[22],"tags":[581,388,14388,14390,958,1760,116,14389],"class_list":["post-30987","post","type-post","status-publish","format-standard","hentry","category-policiales","tag-delincuentes","tag-disparo","tag-fitz-roy","tag-osaka","tag-policia-federal","tag-restaurante","tag-robo","tag-soler"],"_links":{"self":[{"href":"https:\/\/www.elsindical.com.ar\/notas\/wp-json\/wp\/v2\/posts\/30987","targetHints":{"allow":["GET"]}}],"collection":[{"href":"https:\/\/www.elsindical.com.ar\/notas\/wp-json\/wp\/v2\/posts"}],"about":[{"href":"https:\/\/www.elsindical.com.ar\/notas\/wp-json\/wp\/v2\/types\/post"}],"author":[{"embeddable":true,"href":"https:\/\/www.elsindical.com.ar\/notas\/wp-json\/wp\/v2\/users\/1"}],"replies":[{"embeddable":true,"href":"https:\/\/www.elsindical.com.ar\/notas\/wp-json\/wp\/v2\/comments?post=30987"}],"version-history":[{"count":1,"href":"https:\/\/www.elsindical.com.ar\/notas\/wp-json\/wp\/v2\/posts\/30987\/revisions"}],"predecessor-version":[{"id":30989,"href":"https:\/\/www.elsindical.com.ar\/notas\/wp-json\/wp\/v2\/posts\/30987\/revisions\/30989"}],"wp:attachment":[{"href":"https:\/\/www.elsindical.com.ar\/notas\/wp-json\/wp\/v2\/media?parent=30987"}],"wp:term":[{"taxonomy":"category","embeddable":true,"href":"https:\/\/www.elsindical.com.ar\/notas\/wp-json\/wp\/v2\/categories?post=30987"},{"taxonomy":"post_tag","embeddable":true,"href":"https:\/\/www.elsindical.com.ar\/notas\/wp-json\/wp\/v2\/tags?post=30987"}],"curies":[{"name":"wp","href":"https:\/\/api.w.org\/{rel}","templated":true}]}}