{"id":30779,"date":"2012-12-12T18:30:52","date_gmt":"2012-12-12T21:30:52","guid":{"rendered":"http:\/\/www.elsindical.com.ar\/notas\/?p=30779"},"modified":"2012-12-12T18:30:52","modified_gmt":"2012-12-12T21:30:52","slug":"legislatura-portenaimpugnadas-y-bajo-tension-siguen-las-audiencias","status":"publish","type":"post","link":"https:\/\/www.elsindical.com.ar\/notas\/legislatura-portenaimpugnadas-y-bajo-tension-siguen-las-audiencias\/","title":{"rendered":"Legislatura Porte\u00f1a:Impugnadas y bajo tensi\u00f3n, siguen las audiencias"},"content":{"rendered":"<p style=\"text-align: justify;\"><em><img loading=\"lazy\" decoding=\"async\" class=\"alignleft size-medium wp-image-30780\" alt=\"protesta-pacto-PRO-K\" src=\"http:\/\/www.elsindical.com.ar\/notas\/var\/www\/html\/notas\/wp-content\/uploads\/2012\/12\/protesta-pacto-PRO-K-300x171.jpg\" width=\"300\" height=\"171\" srcset=\"https:\/\/www.elsindical.com.ar\/notas\/var\/www\/html\/notas\/wp-content\/uploads\/2012\/12\/protesta-pacto-PRO-K-300x171.jpg 300w, https:\/\/www.elsindical.com.ar\/notas\/var\/www\/html\/notas\/wp-content\/uploads\/2012\/12\/protesta-pacto-PRO-K.jpg 413w\" sizes=\"auto, (max-width: 300px) 100vw, 300px\" \/>Tras los incidentes, la merma de oradores concurrentes este mi\u00e9rcoles al Sal\u00f3n San Mart\u00edn fue notoria, sin embargo, creci\u00f3 el n\u00famero de militantes de La C\u00e1mpora que participan como p\u00fablico.<\/em><\/p>\n<p style=\"text-align: justify;\">Producto del enorme n\u00famero de oradores inscriptos, el estricto horario establecido entre audiencia y audiencia, y los incidentes que protagoniz\u00f3 el presidente del bloque <strong>Frente para la Victoria<\/strong>, <strong>Juan Cabandi\u00e9<\/strong>, con militantes de la agrupaci\u00f3n <strong>El Hormiguero<\/strong>, la Legislatura debi\u00f3 retomar hoy el cronograma de Audiencias P\u00fablicas que quedaron pendientes de ayer. Tras los incidentes, la merma de oradores concurrentes este mi\u00e9rcoles al Sal\u00f3n San Mart\u00edn fue notoria, sin embargo, creci\u00f3 el n\u00famero de militantes de <strong>La C\u00e1mpora<\/strong> que participan como p\u00fablico en las audiencia donde se debate la desafectacci\u00f3n de terrenos pedidos por el gobierno nacional, conducida por la presidenta de la comisi\u00f3n de Planeamiento Urbano, Karina Spalla (PRO).<\/p>\n<p style=\"text-align: justify;\">Ayer, a \u00faltima hora, se conoci\u00f3 adem\u00e1s que los diputados Pablo Bergel, Julio Raffo y Rafael Gentili (Proyecto Sur); Adri\u00e1n Camps y Virginia Gonz\u00e1lez Gass (PSA-Proyecto Sur), Alejandro Bodart (MST en Proyecto Sur); Antonio Campos y Claudio Presman (UCR); Fabio Basteiro, Mar\u00eda Am\u00e9rica Gonz\u00e1lez y Laura Garc\u00eda Tu\u00f1\u00f3n (Buenos Aires para Todos); Roc\u00edo S\u00e1nchez And\u00eda y Fernando S\u00e1nchez (Coalici\u00f3n C\u00edvica), presentaron un pedido de impugnaci\u00f3n por considerar que se violaron flagrantemente los derechos ciudadanos, el procedimiento constitucional y a la Ley 6, que reglamenta las audiencias p\u00fablicas.<\/p>\n<p style=\"text-align: justify;\">\u201cPara cerrar los negocios con tierras p\u00fablicas para el mercado inmobiliario (conocido como \u201cMegacanje PROKaz\u201d) convocaron a cinco audiencias p\u00fablicas con apenas una hora de diferencia entre s\u00ed y en el mismo sal\u00f3n. Se inscribieron para hacer o\u00edr su voz la cifra sin precedentes de un millar de vecinos, los cuales no pudieron expresarse como manda la Constituci\u00f3n para estos casos\u201d, manifest\u00f3 el diputado Pablo Bergel.<\/p>\n","protected":false},"excerpt":{"rendered":"<p>Tras los incidentes, la merma de oradores concurrentes este mi\u00e9rcoles al Sal\u00f3n San Mart\u00edn fue notoria, sin embargo, creci\u00f3 el n\u00famero de militantes de La C\u00e1mpora que participan como p\u00fablico. Producto del enorme n\u00famero de oradores inscriptos, el estricto horario establecido entre audiencia y audiencia, y los incidentes que protagoniz\u00f3 el presidente del bloque Frente&hellip;<\/p>\n","protected":false},"author":1,"featured_media":0,"comment_status":"open","ping_status":"open","sticky":false,"template":"","format":"standard","meta":{"footnotes":""},"categories":[13],"tags":[14273,1130,6983,7669,10041,328,839,1826],"class_list":["post-30779","post","type-post","status-publish","format-standard","hentry","category-politica","tag-el-hormiguero","tag-fpv","tag-juan-cabandie","tag-la-campora","tag-mst","tag-pro","tag-psa","tag-ucr"],"_links":{"self":[{"href":"https:\/\/www.elsindical.com.ar\/notas\/wp-json\/wp\/v2\/posts\/30779","targetHints":{"allow":["GET"]}}],"collection":[{"href":"https:\/\/www.elsindical.com.ar\/notas\/wp-json\/wp\/v2\/posts"}],"about":[{"href":"https:\/\/www.elsindical.com.ar\/notas\/wp-json\/wp\/v2\/types\/post"}],"author":[{"embeddable":true,"href":"https:\/\/www.elsindical.com.ar\/notas\/wp-json\/wp\/v2\/users\/1"}],"replies":[{"embeddable":true,"href":"https:\/\/www.elsindical.com.ar\/notas\/wp-json\/wp\/v2\/comments?post=30779"}],"version-history":[{"count":1,"href":"https:\/\/www.elsindical.com.ar\/notas\/wp-json\/wp\/v2\/posts\/30779\/revisions"}],"predecessor-version":[{"id":30781,"href":"https:\/\/www.elsindical.com.ar\/notas\/wp-json\/wp\/v2\/posts\/30779\/revisions\/30781"}],"wp:attachment":[{"href":"https:\/\/www.elsindical.com.ar\/notas\/wp-json\/wp\/v2\/media?parent=30779"}],"wp:term":[{"taxonomy":"category","embeddable":true,"href":"https:\/\/www.elsindical.com.ar\/notas\/wp-json\/wp\/v2\/categories?post=30779"},{"taxonomy":"post_tag","embeddable":true,"href":"https:\/\/www.elsindical.com.ar\/notas\/wp-json\/wp\/v2\/tags?post=30779"}],"curies":[{"name":"wp","href":"https:\/\/api.w.org\/{rel}","templated":true}]}}