{"id":30729,"date":"2012-12-12T00:44:26","date_gmt":"2012-12-12T03:44:26","guid":{"rendered":"http:\/\/www.elsindical.com.ar\/notas\/?p=30729"},"modified":"2012-12-12T00:44:41","modified_gmt":"2012-12-12T03:44:41","slug":"juan-cabandie-y-un-escandalo-en-la-legislatura-con-insultos-y-agresiones","status":"publish","type":"post","link":"https:\/\/www.elsindical.com.ar\/notas\/juan-cabandie-y-un-escandalo-en-la-legislatura-con-insultos-y-agresiones\/","title":{"rendered":"Juan Cabandi\u00e9 y un esc\u00e1ndalo en la Legislatura con insultos y agresiones"},"content":{"rendered":"<p style=\"text-align: justify;\"><em><a href=\"http:\/\/www.elsindical.com.ar\/notas\/var\/www\/html\/notas\/wp-content\/uploads\/2012\/12\/Juan-Cabandi\u00e9.jpg\"><img loading=\"lazy\" decoding=\"async\" class=\"alignleft size-medium wp-image-30730\" title=\"Juan-Cabandi\u00e9\" src=\"http:\/\/www.elsindical.com.ar\/notas\/var\/www\/html\/notas\/wp-content\/uploads\/2012\/12\/Juan-Cabandi\u00e9-300x200.jpg\" alt=\"\" width=\"300\" height=\"200\" srcset=\"https:\/\/www.elsindical.com.ar\/notas\/var\/www\/html\/notas\/wp-content\/uploads\/2012\/12\/Juan-Cabandi\u00e9-300x200.jpg 300w, https:\/\/www.elsindical.com.ar\/notas\/var\/www\/html\/notas\/wp-content\/uploads\/2012\/12\/Juan-Cabandi\u00e9-449x300.jpg 449w, https:\/\/www.elsindical.com.ar\/notas\/var\/www\/html\/notas\/wp-content\/uploads\/2012\/12\/Juan-Cabandi\u00e9.jpg 502w\" sizes=\"auto, (max-width: 300px) 100vw, 300px\" \/><\/a>En medio de una <strong>tensa audiencia<\/strong>, el legislador kirchnerista se cruz\u00f3 con un asistente que lo calific\u00f3 de \u00ab<strong>traidor\u00bb<\/strong> al acusarlo de acordar con el PRO. La discusi\u00f3n finaliz\u00f3 a las trompadas.<\/em><\/p>\n<div style=\"text-align: justify;\">\n<p>El confuso incidente se produjo esta tarde en el Sal\u00f3n San Mart\u00edn de la Legislatura porte\u00f1a, en el marco de una serie de audiencias en las que se analizan decenas de proyectos.<\/p>\n<p>Seg\u00fan reconstrucciones, el hecho comenz\u00f3 en momentos en que <strong>Juan Cabandi\u00e9<\/strong> defend\u00eda un proyecto de ley que prev\u00e9 la utilizaci\u00f3n de un predio de Parque Roca, lo que despert\u00f3 el rechazo de una agrupaci\u00f3n tambi\u00e9n cercana al Frente para la Victoria.<\/p>\n<p>Fuentes de la Legislatura indicaron que miembros del grupo \u201cEl Hormiguero\u201d increparon a Cabandi\u00e9 por respaldar las iniciativas del Gobierno de la Ciudad. La situaci\u00f3n alcanz\u00f3 un pico de tensi\u00f3n cuando uno de ellos lo acus\u00f3 de \u201ctraicionar\u201d la memoria de sus padres, quienes fueron desaparecidos en la \u00faltima dictadura.<\/p>\n<p>Aparentemente, Cabandi\u00e9 y la persona que formul\u00f3 esa frase forcejearon unos segundos hasta que fueron separados por colaboradores. Algunos reportes aseguran que <strong>el legislador golpe\u00f3 al hombre.<\/strong><\/p>\n<p><strong><\/strong>A Juancito siempre le gusto jugar con la gente del PRO, obviamente lo cont\u00f3 siempre de otra forma, pero le gusta mucho el amarillo.<\/p>\n<p><a href=\"http:\/\/www.elsindical.com.ar\/notas\/var\/www\/html\/notas\/wp-content\/uploads\/2012\/12\/Cabandi\u00e9-y-militantes-PRO.jpg\"><img loading=\"lazy\" decoding=\"async\" class=\"alignleft size-medium wp-image-30731\" title=\"Cabandi\u00e9-y-militantes-PRO\" src=\"http:\/\/www.elsindical.com.ar\/notas\/var\/www\/html\/notas\/wp-content\/uploads\/2012\/12\/Cabandi\u00e9-y-militantes-PRO-300x224.jpg\" alt=\"\" width=\"300\" height=\"224\" srcset=\"https:\/\/www.elsindical.com.ar\/notas\/var\/www\/html\/notas\/wp-content\/uploads\/2012\/12\/Cabandi\u00e9-y-militantes-PRO-300x224.jpg 300w, https:\/\/www.elsindical.com.ar\/notas\/var\/www\/html\/notas\/wp-content\/uploads\/2012\/12\/Cabandi\u00e9-y-militantes-PRO-400x300.jpg 400w, https:\/\/www.elsindical.com.ar\/notas\/var\/www\/html\/notas\/wp-content\/uploads\/2012\/12\/Cabandi\u00e9-y-militantes-PRO.jpg 502w\" sizes=\"auto, (max-width: 300px) 100vw, 300px\" \/><\/a><\/p>\n<\/div>\n","protected":false},"excerpt":{"rendered":"<p>En medio de una tensa audiencia, el legislador kirchnerista se cruz\u00f3 con un asistente que lo calific\u00f3 de \u00abtraidor\u00bb al acusarlo de acordar con el PRO. La discusi\u00f3n finaliz\u00f3 a las trompadas. El confuso incidente se produjo esta tarde en el Sal\u00f3n San Mart\u00edn de la Legislatura porte\u00f1a, en el marco de una serie de&hellip;<\/p>\n","protected":false},"author":1,"featured_media":0,"comment_status":"open","ping_status":"open","sticky":false,"template":"","format":"standard","meta":{"footnotes":""},"categories":[13],"tags":[6983,2276,328,14250,2041],"class_list":["post-30729","post","type-post","status-publish","format-standard","hentry","category-politica","tag-juan-cabandie","tag-legislatura-portena","tag-pro","tag-traidor","tag-trompadas"],"_links":{"self":[{"href":"https:\/\/www.elsindical.com.ar\/notas\/wp-json\/wp\/v2\/posts\/30729","targetHints":{"allow":["GET"]}}],"collection":[{"href":"https:\/\/www.elsindical.com.ar\/notas\/wp-json\/wp\/v2\/posts"}],"about":[{"href":"https:\/\/www.elsindical.com.ar\/notas\/wp-json\/wp\/v2\/types\/post"}],"author":[{"embeddable":true,"href":"https:\/\/www.elsindical.com.ar\/notas\/wp-json\/wp\/v2\/users\/1"}],"replies":[{"embeddable":true,"href":"https:\/\/www.elsindical.com.ar\/notas\/wp-json\/wp\/v2\/comments?post=30729"}],"version-history":[{"count":2,"href":"https:\/\/www.elsindical.com.ar\/notas\/wp-json\/wp\/v2\/posts\/30729\/revisions"}],"predecessor-version":[{"id":30733,"href":"https:\/\/www.elsindical.com.ar\/notas\/wp-json\/wp\/v2\/posts\/30729\/revisions\/30733"}],"wp:attachment":[{"href":"https:\/\/www.elsindical.com.ar\/notas\/wp-json\/wp\/v2\/media?parent=30729"}],"wp:term":[{"taxonomy":"category","embeddable":true,"href":"https:\/\/www.elsindical.com.ar\/notas\/wp-json\/wp\/v2\/categories?post=30729"},{"taxonomy":"post_tag","embeddable":true,"href":"https:\/\/www.elsindical.com.ar\/notas\/wp-json\/wp\/v2\/tags?post=30729"}],"curies":[{"name":"wp","href":"https:\/\/api.w.org\/{rel}","templated":true}]}}