{"id":30689,"date":"2012-12-11T14:23:06","date_gmt":"2012-12-11T17:23:06","guid":{"rendered":"http:\/\/www.elsindical.com.ar\/notas\/?p=30689"},"modified":"2012-12-11T14:23:06","modified_gmt":"2012-12-11T17:23:06","slug":"muscari-fue-desvalijado-por-un-amante-en-su-casa-de-donde-faltaron-80-mil-dolares","status":"publish","type":"post","link":"https:\/\/www.elsindical.com.ar\/notas\/muscari-fue-desvalijado-por-un-amante-en-su-casa-de-donde-faltaron-80-mil-dolares\/","title":{"rendered":"Muscari fue desvalijado por un amante en su casa de donde faltaron 80 mil d\u00f3lares"},"content":{"rendered":"<p style=\"text-align: justify;\"><em><a href=\"http:\/\/www.elsindical.com.ar\/notas\/var\/www\/html\/notas\/wp-content\/uploads\/2012\/12\/Jos\u00e9-Mar\u00eda-Muscari.jpg\"><img loading=\"lazy\" decoding=\"async\" class=\"alignleft size-medium wp-image-30690\" title=\"Jos\u00e9-Mar\u00eda-Muscari\" src=\"http:\/\/www.elsindical.com.ar\/notas\/var\/www\/html\/notas\/wp-content\/uploads\/2012\/12\/Jos\u00e9-Mar\u00eda-Muscari-300x224.jpg\" alt=\"\" width=\"300\" height=\"224\" srcset=\"https:\/\/www.elsindical.com.ar\/notas\/var\/www\/html\/notas\/wp-content\/uploads\/2012\/12\/Jos\u00e9-Mar\u00eda-Muscari-300x224.jpg 300w, https:\/\/www.elsindical.com.ar\/notas\/var\/www\/html\/notas\/wp-content\/uploads\/2012\/12\/Jos\u00e9-Mar\u00eda-Muscari-400x300.jpg 400w, https:\/\/www.elsindical.com.ar\/notas\/var\/www\/html\/notas\/wp-content\/uploads\/2012\/12\/Jos\u00e9-Mar\u00eda-Muscari.jpg 502w\" sizes=\"auto, (max-width: 300px) 100vw, 300px\" \/><\/a>Un <strong>amante<\/strong> de <strong>Jos\u00e9 Mar\u00eda Muscari<\/strong> le rob\u00f3 de su casa cerca de<strong> 80 mil d\u00f3lares<\/strong>, adem\u00e1s de otras pertenencias.<\/em><\/p>\n<p style=\"text-align: justify;\">Seg\u00fan cont\u00f3 el actor y director teatral a Chiche Gelblung en Mitre, \u201cyo me <strong>dorm\u00ed<\/strong> porque era una <strong>persona<\/strong> que <strong>conozco<\/strong>, fue anoche, ya nos hab\u00edamos visto varias veces. <strong>Me afan\u00f3 la guita, el dinero que estaba juntando para comprarle un departamento a mi mam\u00e1<\/strong>\u201c.<\/p>\n<p style=\"text-align: justify;\">Muscari, adem\u00e1s, asegur\u00f3 tener el <strong>tel\u00e9fono<\/strong> de la persona, y ya efectu\u00f3 la <strong>denuncia<\/strong> <strong>policial<\/strong>.<\/p>\n<p style=\"text-align: justify;\">Entre otros elementos hurtados, se encuentra el celular de Muscari, un bolso con elementos cotidianos y las llaves del d\u00faplex, \u00a0llevan adelante la investigaci\u00f3n personal de la comisar\u00eda 14, que deber\u00e1 determinar si Rodrigo Villafa\u00f1e (foto final)fue el autor del hurto.<\/p>\n<p style=\"text-align: justify;\"><a href=\"http:\/\/www.elsindical.com.ar\/notas\/var\/www\/html\/notas\/wp-content\/uploads\/2012\/12\/Rodrigo-Villafa\u00f1e.jpg\"><img loading=\"lazy\" decoding=\"async\" class=\"alignleft size-medium wp-image-30691\" title=\"Rodrigo-Villafa\u00f1e\" src=\"http:\/\/www.elsindical.com.ar\/notas\/var\/www\/html\/notas\/wp-content\/uploads\/2012\/12\/Rodrigo-Villafa\u00f1e-300x300.jpg\" alt=\"\" width=\"300\" height=\"300\" srcset=\"https:\/\/www.elsindical.com.ar\/notas\/var\/www\/html\/notas\/wp-content\/uploads\/2012\/12\/Rodrigo-Villafa\u00f1e-300x300.jpg 300w, https:\/\/www.elsindical.com.ar\/notas\/var\/www\/html\/notas\/wp-content\/uploads\/2012\/12\/Rodrigo-Villafa\u00f1e-150x150.jpg 150w, https:\/\/www.elsindical.com.ar\/notas\/var\/www\/html\/notas\/wp-content\/uploads\/2012\/12\/Rodrigo-Villafa\u00f1e.jpg 325w\" sizes=\"auto, (max-width: 300px) 100vw, 300px\" \/><\/a><\/p>\n","protected":false},"excerpt":{"rendered":"<p>Un amante de Jos\u00e9 Mar\u00eda Muscari le rob\u00f3 de su casa cerca de 80 mil d\u00f3lares, adem\u00e1s de otras pertenencias. Seg\u00fan cont\u00f3 el actor y director teatral a Chiche Gelblung en Mitre, \u201cyo me dorm\u00ed porque era una persona que conozco, fue anoche, ya nos hab\u00edamos visto varias veces. Me afan\u00f3 la guita, el dinero&hellip;<\/p>\n","protected":false},"author":1,"featured_media":0,"comment_status":"open","ping_status":"open","sticky":false,"template":"","format":"standard","meta":{"footnotes":""},"categories":[22],"tags":[14233,1115,14232,14234],"class_list":["post-30689","post","type-post","status-publish","format-standard","hentry","category-policiales","tag-director-teatral","tag-dolares","tag-jose-maria-muscari","tag-rodrigo-villafane"],"_links":{"self":[{"href":"https:\/\/www.elsindical.com.ar\/notas\/wp-json\/wp\/v2\/posts\/30689","targetHints":{"allow":["GET"]}}],"collection":[{"href":"https:\/\/www.elsindical.com.ar\/notas\/wp-json\/wp\/v2\/posts"}],"about":[{"href":"https:\/\/www.elsindical.com.ar\/notas\/wp-json\/wp\/v2\/types\/post"}],"author":[{"embeddable":true,"href":"https:\/\/www.elsindical.com.ar\/notas\/wp-json\/wp\/v2\/users\/1"}],"replies":[{"embeddable":true,"href":"https:\/\/www.elsindical.com.ar\/notas\/wp-json\/wp\/v2\/comments?post=30689"}],"version-history":[{"count":1,"href":"https:\/\/www.elsindical.com.ar\/notas\/wp-json\/wp\/v2\/posts\/30689\/revisions"}],"predecessor-version":[{"id":30692,"href":"https:\/\/www.elsindical.com.ar\/notas\/wp-json\/wp\/v2\/posts\/30689\/revisions\/30692"}],"wp:attachment":[{"href":"https:\/\/www.elsindical.com.ar\/notas\/wp-json\/wp\/v2\/media?parent=30689"}],"wp:term":[{"taxonomy":"category","embeddable":true,"href":"https:\/\/www.elsindical.com.ar\/notas\/wp-json\/wp\/v2\/categories?post=30689"},{"taxonomy":"post_tag","embeddable":true,"href":"https:\/\/www.elsindical.com.ar\/notas\/wp-json\/wp\/v2\/tags?post=30689"}],"curies":[{"name":"wp","href":"https:\/\/api.w.org\/{rel}","templated":true}]}}