{"id":30647,"date":"2012-12-10T11:33:12","date_gmt":"2012-12-10T14:33:12","guid":{"rendered":"http:\/\/www.elsindical.com.ar\/notas\/?p=30647"},"modified":"2012-12-10T11:33:12","modified_gmt":"2012-12-10T14:33:12","slug":"la-plataen-una-fiesta-de-cumpleanos-muere-ahogada-una-joven","status":"publish","type":"post","link":"https:\/\/www.elsindical.com.ar\/notas\/la-plataen-una-fiesta-de-cumpleanos-muere-ahogada-una-joven\/","title":{"rendered":"La Plata:En una fiesta de cumplea\u00f1os muere ahogada una joven"},"content":{"rendered":"<div id=\"bajada\" style=\"text-align: justify;\">\n<p><em><a href=\"http:\/\/www.elsindical.com.ar\/notas\/var\/www\/html\/notas\/wp-content\/uploads\/2012\/12\/foto-sat\u00e9lite-Villa-Elisa.jpg\"><img loading=\"lazy\" decoding=\"async\" class=\"alignleft size-medium wp-image-30648\" title=\"foto-sat\u00e9lite-Villa-Elisa\" src=\"http:\/\/www.elsindical.com.ar\/notas\/var\/www\/html\/notas\/wp-content\/uploads\/2012\/12\/foto-sat\u00e9lite-Villa-Elisa-300x183.jpg\" alt=\"\" width=\"300\" height=\"183\" srcset=\"https:\/\/www.elsindical.com.ar\/notas\/var\/www\/html\/notas\/wp-content\/uploads\/2012\/12\/foto-sat\u00e9lite-Villa-Elisa-300x183.jpg 300w, https:\/\/www.elsindical.com.ar\/notas\/var\/www\/html\/notas\/wp-content\/uploads\/2012\/12\/foto-sat\u00e9lite-Villa-Elisa.jpg 443w\" sizes=\"auto, (max-width: 300px) 100vw, 300px\" \/><\/a>Una invitada a un cumplea\u00f1os en una casaquinta en La Plata, aparentemente en estado de ebriedad, se arroj\u00f3 tres veces a la piscina y debi\u00f3 ser auxiliada por los presentes porque no sab\u00eda nadar. A pesar de esto, se lanz\u00f3 una cuarta, pero nadie lo percibi\u00f3 y falleci\u00f3 asfixiada por sumersi\u00f3n.<\/em><\/p>\n<\/div>\n<div id=\"texto\" style=\"text-align: justify;\">\n<p>Una joven muri\u00f3 ahogada en una pileta de una casaquinta de la localidad bonaerense de Villa Elisa, en el partido de La Plata, en la que se celebraba una fiesta, informaron fuentes policiales.<\/p>\n<p>El caso ocurri\u00f3 el domingo, en la casaquinta ubicada en las calles 405 y 32, donde un adolescente de apellido <strong>Delfino <\/strong>celebraba su cumplea\u00f1os junto con decenas de amigos.<\/p>\n<p>Seg\u00fan precis\u00f3 la polic\u00eda, durante la fiesta una joven que participaba del festejo, identificada como <strong>Daniela Clapier<\/strong>, de 19 a\u00f1os, oriunda de San Francisco Solano, se arroj\u00f3 al menos tres veces a la pileta, y en todas las ocasiones debi\u00f3 ser sacada por sus amigos ya que la joven no sab\u00eda nadar.<\/p>\n<p>Clapier se arroj\u00f3 una cuarta vez a la pileta pero en esta oportunidad lo hizo sin que sus amigos lo notaran, y al no poder mantenerse a flote se ahog\u00f3.<\/p>\n<p>La polic\u00eda investiga si la joven hab\u00eda consumido alcohol en exceso, y si eso pudo favorecer una conducta m\u00e1s osada respecto del agua.<\/p>\n<\/div>\n","protected":false},"excerpt":{"rendered":"<p>Una invitada a un cumplea\u00f1os en una casaquinta en La Plata, aparentemente en estado de ebriedad, se arroj\u00f3 tres veces a la piscina y debi\u00f3 ser auxiliada por los presentes porque no sab\u00eda nadar. A pesar de esto, se lanz\u00f3 una cuarta, pero nadie lo percibi\u00f3 y falleci\u00f3 asfixiada por sumersi\u00f3n. Una joven muri\u00f3 ahogada&hellip;<\/p>\n","protected":false},"author":1,"featured_media":0,"comment_status":"open","ping_status":"open","sticky":false,"template":"","format":"standard","meta":{"footnotes":""},"categories":[22],"tags":[3295,108,718,14221,14220,239,12154,11064],"class_list":["post-30647","post","type-post","status-publish","format-standard","hentry","category-policiales","tag-ahogada","tag-alcohol","tag-cumpleanos","tag-daniela-clapier","tag-delfino","tag-la-plata","tag-pileta","tag-villa-elisa"],"_links":{"self":[{"href":"https:\/\/www.elsindical.com.ar\/notas\/wp-json\/wp\/v2\/posts\/30647","targetHints":{"allow":["GET"]}}],"collection":[{"href":"https:\/\/www.elsindical.com.ar\/notas\/wp-json\/wp\/v2\/posts"}],"about":[{"href":"https:\/\/www.elsindical.com.ar\/notas\/wp-json\/wp\/v2\/types\/post"}],"author":[{"embeddable":true,"href":"https:\/\/www.elsindical.com.ar\/notas\/wp-json\/wp\/v2\/users\/1"}],"replies":[{"embeddable":true,"href":"https:\/\/www.elsindical.com.ar\/notas\/wp-json\/wp\/v2\/comments?post=30647"}],"version-history":[{"count":1,"href":"https:\/\/www.elsindical.com.ar\/notas\/wp-json\/wp\/v2\/posts\/30647\/revisions"}],"predecessor-version":[{"id":30649,"href":"https:\/\/www.elsindical.com.ar\/notas\/wp-json\/wp\/v2\/posts\/30647\/revisions\/30649"}],"wp:attachment":[{"href":"https:\/\/www.elsindical.com.ar\/notas\/wp-json\/wp\/v2\/media?parent=30647"}],"wp:term":[{"taxonomy":"category","embeddable":true,"href":"https:\/\/www.elsindical.com.ar\/notas\/wp-json\/wp\/v2\/categories?post=30647"},{"taxonomy":"post_tag","embeddable":true,"href":"https:\/\/www.elsindical.com.ar\/notas\/wp-json\/wp\/v2\/tags?post=30647"}],"curies":[{"name":"wp","href":"https:\/\/api.w.org\/{rel}","templated":true}]}}