{"id":30559,"date":"2012-12-08T01:20:36","date_gmt":"2012-12-08T04:20:36","guid":{"rendered":"http:\/\/www.elsindical.com.ar\/notas\/?p=30559"},"modified":"2012-12-08T01:20:36","modified_gmt":"2012-12-08T04:20:36","slug":"laferreremato-a-su-pareja-de-una-punalada-en-el-corazon","status":"publish","type":"post","link":"https:\/\/www.elsindical.com.ar\/notas\/laferreremato-a-su-pareja-de-una-punalada-en-el-corazon\/","title":{"rendered":"Laferrere:Mat\u00f3 a su pareja de una pu\u00f1alada en el coraz\u00f3n"},"content":{"rendered":"<p style=\"text-align: justify;\"><em><a href=\"http:\/\/www.elsindical.com.ar\/notas\/var\/www\/html\/notas\/wp-content\/uploads\/2012\/12\/joven-apu\u00f1alada-en-Laferrere.jpg\"><img loading=\"lazy\" decoding=\"async\" class=\"alignleft size-medium wp-image-30560\" title=\"joven-apu\u00f1alada-en-Laferrere\" src=\"http:\/\/www.elsindical.com.ar\/notas\/var\/www\/html\/notas\/wp-content\/uploads\/2012\/12\/joven-apu\u00f1alada-en-Laferrere-300x170.jpg\" alt=\"\" width=\"300\" height=\"170\" srcset=\"https:\/\/www.elsindical.com.ar\/notas\/var\/www\/html\/notas\/wp-content\/uploads\/2012\/12\/joven-apu\u00f1alada-en-Laferrere-300x170.jpg 300w, https:\/\/www.elsindical.com.ar\/notas\/var\/www\/html\/notas\/wp-content\/uploads\/2012\/12\/joven-apu\u00f1alada-en-Laferrere-500x283.jpg 500w, https:\/\/www.elsindical.com.ar\/notas\/var\/www\/html\/notas\/wp-content\/uploads\/2012\/12\/joven-apu\u00f1alada-en-Laferrere.jpg 502w\" sizes=\"auto, (max-width: 300px) 100vw, 300px\" \/><\/a>La v\u00edctima ten\u00eda 19 a\u00f1os y su novio, de 23, le asest\u00f3 un puntazo en el pecho en el marco de una violenta discusi\u00f3n nacida en los celos del joven quien al intentar huir, casi es linchado por los vecinos.<\/em><\/p>\n<p style=\"text-align: justify;\">Una chica de 19 a\u00f1os fue <strong>asesinada<\/strong> de una <strong>pu\u00f1alada<\/strong> en el pecho por su pareja, en el marco de una aparente discusi\u00f3n por cuestiones de celos, registrado en la habitaci\u00f3n que compart\u00edan los j\u00f3venes en la casa de los padres de la v\u00edctima en el barrio <strong>Altos de Laferrere.<\/strong><\/p>\n<p>Con las graves heridas cortantes la joven fue llevada de urgencia al hospital donde su deceso se produjo cuando era asistida por los m\u00e9dicos, mientras el autor de la agresi\u00f3n fue detenido por la Polic\u00eda, en momentos en que intentaba escapar, pese a que los vecinos quisieron lincharlo.<\/p>\n<p>De acuerdo a lo indicado por voceros de la investigaci\u00f3n del caso, el femicidio se concret\u00f3 en la noche del jueves pasado en el interior de una vivienda de la calle <strong>Ipela al 1400<\/strong>, entre Carlos Casares y Coronel Montt, y la joven fue identificada como <strong>Noel\u00ed Ram\u00edrez.<\/strong><\/p>\n<p>En tanto, el sindicado homicida se tratar\u00eda de <strong>Silvio Ju\u00e1rez, de 23 a\u00f1os<\/strong>, quien pudo ser apresado por personal de la comisar\u00eda Distrital Este 2da. de La Matanza y qued\u00f3 demorado, en dicha seccional, ante la indignaci\u00f3n de los habitantes del barrio que pretendieron hacer justicia por mano propia.<\/p>\n<p>La principal hip\u00f3tesis apunta a que la pareja (que llevaba un a\u00f1o de convivencia) discuti\u00f3, cuando el muchacho le habr\u00eda recriminado a ella por sus presuntas relaciones con sus compa\u00f1eros de la escuela secundaria, ya que Noel\u00ed Ram\u00edrez estaba terminando sus estudios y tras algunos gritos, Ju\u00e1rez habr\u00eda tomado una cuchilla con la que le aplic\u00f3 una certera pu\u00f1alada en el coraz\u00f3n, para luego escapar del lugar.<\/p>\n<p><strong>Casi lo linchan <\/strong><\/p>\n<p>En medio de una profusa hemorragia, los padres la trasladaron en su propio auto hasta el Hospital Paroissien de Isidro Casanova, al que ingres\u00f3 casi agonizando y falleci\u00f3 cuando intentaban reanimarla en la sala de guardia.<\/p>\n<p>Frente a la conmoci\u00f3n por lo sucedido, testigos aportaron el dato a <strong>la Polic\u00eda para que pudieran detener al homicida,<\/strong> aunque al ser localizado en las inmediaciones de la casa, tuvo que ser puesto a resguardo por los uniformados debido a que vecinos enfurecidos quer\u00edan lincharlo.<\/p>\n<p>\u201cEstamos muy dolidos. Los Ram\u00edrez son una familia muy querida en el barrio y est\u00e1n pasando por esta desgracia, por la culpa de un loco asesino\u201d, precisaron los vecinos de Altos de Laferrere.<\/p>\n","protected":false},"excerpt":{"rendered":"<p>La v\u00edctima ten\u00eda 19 a\u00f1os y su novio, de 23, le asest\u00f3 un puntazo en el pecho en el marco de una violenta discusi\u00f3n nacida en los celos del joven quien al intentar huir, casi es linchado por los vecinos. Una chica de 19 a\u00f1os fue asesinada de una pu\u00f1alada en el pecho por su&hellip;<\/p>\n","protected":false},"author":1,"featured_media":0,"comment_status":"open","ping_status":"open","sticky":false,"template":"","format":"standard","meta":{"footnotes":""},"categories":[22],"tags":[14160,3608,5350,1401,14161,14162],"class_list":["post-30559","post","type-post","status-publish","format-standard","hentry","category-policiales","tag-altos-de-laferrere","tag-hospital-paroissien","tag-isidro-casanova","tag-la-matanza","tag-noeli-ramirez","tag-silvio-juarez"],"_links":{"self":[{"href":"https:\/\/www.elsindical.com.ar\/notas\/wp-json\/wp\/v2\/posts\/30559","targetHints":{"allow":["GET"]}}],"collection":[{"href":"https:\/\/www.elsindical.com.ar\/notas\/wp-json\/wp\/v2\/posts"}],"about":[{"href":"https:\/\/www.elsindical.com.ar\/notas\/wp-json\/wp\/v2\/types\/post"}],"author":[{"embeddable":true,"href":"https:\/\/www.elsindical.com.ar\/notas\/wp-json\/wp\/v2\/users\/1"}],"replies":[{"embeddable":true,"href":"https:\/\/www.elsindical.com.ar\/notas\/wp-json\/wp\/v2\/comments?post=30559"}],"version-history":[{"count":1,"href":"https:\/\/www.elsindical.com.ar\/notas\/wp-json\/wp\/v2\/posts\/30559\/revisions"}],"predecessor-version":[{"id":30561,"href":"https:\/\/www.elsindical.com.ar\/notas\/wp-json\/wp\/v2\/posts\/30559\/revisions\/30561"}],"wp:attachment":[{"href":"https:\/\/www.elsindical.com.ar\/notas\/wp-json\/wp\/v2\/media?parent=30559"}],"wp:term":[{"taxonomy":"category","embeddable":true,"href":"https:\/\/www.elsindical.com.ar\/notas\/wp-json\/wp\/v2\/categories?post=30559"},{"taxonomy":"post_tag","embeddable":true,"href":"https:\/\/www.elsindical.com.ar\/notas\/wp-json\/wp\/v2\/tags?post=30559"}],"curies":[{"name":"wp","href":"https:\/\/api.w.org\/{rel}","templated":true}]}}