{"id":30524,"date":"2012-12-07T12:23:39","date_gmt":"2012-12-07T15:23:39","guid":{"rendered":"http:\/\/www.elsindical.com.ar\/notas\/?p=30524"},"modified":"2012-12-07T12:23:40","modified_gmt":"2012-12-07T15:23:40","slug":"san-juandetienen-a-la-madre-y-su-pareja-del-nene-hallado-muerto-en-una-heladera","status":"publish","type":"post","link":"https:\/\/www.elsindical.com.ar\/notas\/san-juandetienen-a-la-madre-y-su-pareja-del-nene-hallado-muerto-en-una-heladera\/","title":{"rendered":"San Juan:Detienen a la madre y su pareja del nene hallado muerto en una heladera"},"content":{"rendered":"<p style=\"text-align: justify;\"><em><a href=\"http:\/\/www.elsindical.com.ar\/notas\/var\/www\/html\/notas\/wp-content\/uploads\/2012\/12\/patrulla-de-San-Juan.jpg\"><img loading=\"lazy\" decoding=\"async\" class=\"alignleft size-medium wp-image-30525\" title=\"patrulla de San Juan\" src=\"http:\/\/www.elsindical.com.ar\/notas\/var\/www\/html\/notas\/wp-content\/uploads\/2012\/12\/patrulla-de-San-Juan-300x170.jpg\" alt=\"\" width=\"300\" height=\"170\" srcset=\"https:\/\/www.elsindical.com.ar\/notas\/var\/www\/html\/notas\/wp-content\/uploads\/2012\/12\/patrulla-de-San-Juan-300x170.jpg 300w, https:\/\/www.elsindical.com.ar\/notas\/var\/www\/html\/notas\/wp-content\/uploads\/2012\/12\/patrulla-de-San-Juan-500x283.jpg 500w, https:\/\/www.elsindical.com.ar\/notas\/var\/www\/html\/notas\/wp-content\/uploads\/2012\/12\/patrulla-de-San-Juan.jpg 601w\" sizes=\"auto, (max-width: 300px) 100vw, 300px\" \/><\/a>La madre y el padrastro del nene hallado muerto en una heladera fueron detenidos.<\/em><\/p>\n<p style=\"text-align: justify;\">La <strong>madre<\/strong> del <strong>ni\u00f1o de 12 a\u00f1os <\/strong>hallado muerto este jueves en<strong> San Juan<\/strong> fue detenida junto a su pareja, sospechada de<strong> matar y ocultar el cuerpo de Ariel Fernando Tapia<\/strong>, quien estaba desaparecido desde este s\u00e1bado.<\/p>\n<p>El cuerpo de Ariel fue hallado en avanzado estado de descomposici\u00f3n, en el interior de una<strong> vieja heladera que estaba en posici\u00f3n horizontal<\/strong>, en un predio de una metal\u00fargica ubicado cerca de su casa, en el departamento Santa Luc\u00eda del Gran San Juan.<\/p>\n<p>Seg\u00fan las fuentes policiales, el chico ten\u00eda el torso desnudo, short y zapatillas, mientras que fue encontrado en posici\u00f3n fetal y con<strong> lesiones producidas supuestamente cuando intent\u00f3 salir de la heladera.<\/strong><\/p>\n<p>La detenci\u00f3n de ambos por parte del<strong> juez Benito Ortiz <\/strong>ser\u00e1 hasta definir si tienen o no alguna vinculaci\u00f3n con el caso.<\/p>\n<p>Tras el hallazgo<strong>, los vecinos de la zona apedrearon la comisar\u00eda 29<\/strong> porque consideraron que la polic\u00eda no hab\u00eda actuado con celeridad tras radicarse la denuncia por averiguaci\u00f3n de paradero.<br \/>\n\u00a0<br \/>\nLa Polic\u00eda tuvo que disuadir con tiros al aire al grupo que quem\u00f3 cubiertas en cercan\u00eda de la seccional y que ten\u00eda intenciones de atentar contra el edificio.<\/p>\n<p>Al respecto, el ministro de Gobierno, Adri\u00e1n Cuevas, quien el martes hab\u00eda pedido \u00abno entrar en psicosis\u00bb y hab\u00eda comparado el caso de Ariel con el de una joven que se hab\u00eda escapado con el novio, fue el encargado de confirmar el hecho y asegur\u00f3 que el gobierno estaba \u00abconmovido\u00bb por el tr\u00e1gico desenlace.<\/p>\n","protected":false},"excerpt":{"rendered":"<p>La madre y el padrastro del nene hallado muerto en una heladera fueron detenidos. La madre del ni\u00f1o de 12 a\u00f1os hallado muerto este jueves en San Juan fue detenida junto a su pareja, sospechada de matar y ocultar el cuerpo de Ariel Fernando Tapia, quien estaba desaparecido desde este s\u00e1bado. El cuerpo de Ariel&hellip;<\/p>\n","protected":false},"author":1,"featured_media":0,"comment_status":"open","ping_status":"open","sticky":false,"template":"","format":"standard","meta":{"footnotes":""},"categories":[22],"tags":[14142,237,921,571,1838,5667,30,4509],"class_list":["post-30524","post","type-post","status-publish","format-standard","hentry","category-policiales","tag-ariel-fernando-tapia","tag-detenida","tag-madre","tag-mendoza","tag-muerto","tag-nene","tag-policia","tag-san-juan"],"_links":{"self":[{"href":"https:\/\/www.elsindical.com.ar\/notas\/wp-json\/wp\/v2\/posts\/30524","targetHints":{"allow":["GET"]}}],"collection":[{"href":"https:\/\/www.elsindical.com.ar\/notas\/wp-json\/wp\/v2\/posts"}],"about":[{"href":"https:\/\/www.elsindical.com.ar\/notas\/wp-json\/wp\/v2\/types\/post"}],"author":[{"embeddable":true,"href":"https:\/\/www.elsindical.com.ar\/notas\/wp-json\/wp\/v2\/users\/1"}],"replies":[{"embeddable":true,"href":"https:\/\/www.elsindical.com.ar\/notas\/wp-json\/wp\/v2\/comments?post=30524"}],"version-history":[{"count":2,"href":"https:\/\/www.elsindical.com.ar\/notas\/wp-json\/wp\/v2\/posts\/30524\/revisions"}],"predecessor-version":[{"id":30527,"href":"https:\/\/www.elsindical.com.ar\/notas\/wp-json\/wp\/v2\/posts\/30524\/revisions\/30527"}],"wp:attachment":[{"href":"https:\/\/www.elsindical.com.ar\/notas\/wp-json\/wp\/v2\/media?parent=30524"}],"wp:term":[{"taxonomy":"category","embeddable":true,"href":"https:\/\/www.elsindical.com.ar\/notas\/wp-json\/wp\/v2\/categories?post=30524"},{"taxonomy":"post_tag","embeddable":true,"href":"https:\/\/www.elsindical.com.ar\/notas\/wp-json\/wp\/v2\/tags?post=30524"}],"curies":[{"name":"wp","href":"https:\/\/api.w.org\/{rel}","templated":true}]}}