{"id":30505,"date":"2012-12-06T17:16:55","date_gmt":"2012-12-06T20:16:55","guid":{"rendered":"http:\/\/www.elsindical.com.ar\/notas\/?p=30505"},"modified":"2012-12-06T17:16:55","modified_gmt":"2012-12-06T20:16:55","slug":"la-plataobligan-a-detenidos-a-salir-a-robar-en-la-unidad-penitenciaria-no-45-melchor-romero","status":"publish","type":"post","link":"https:\/\/www.elsindical.com.ar\/notas\/la-plataobligan-a-detenidos-a-salir-a-robar-en-la-unidad-penitenciaria-no-45-melchor-romero\/","title":{"rendered":"La Plata:Obligan a detenidos a salir a robar, en la Unidad Penitenciaria N\u00ba 45 Melchor Romero"},"content":{"rendered":"<p style=\"text-align: justify;\"><em><a href=\"http:\/\/www.elsindical.com.ar\/notas\/var\/www\/html\/notas\/wp-content\/uploads\/2012\/12\/Unidad-N\u00ba45.jpg\"><img loading=\"lazy\" decoding=\"async\" class=\"alignleft size-medium wp-image-30506\" title=\"Unidad-N\u00ba45\" src=\"http:\/\/www.elsindical.com.ar\/notas\/var\/www\/html\/notas\/wp-content\/uploads\/2012\/12\/Unidad-N\u00ba45-300x138.jpg\" alt=\"\" width=\"300\" height=\"138\" srcset=\"https:\/\/www.elsindical.com.ar\/notas\/var\/www\/html\/notas\/wp-content\/uploads\/2012\/12\/Unidad-N\u00ba45-300x138.jpg 300w, https:\/\/www.elsindical.com.ar\/notas\/var\/www\/html\/notas\/wp-content\/uploads\/2012\/12\/Unidad-N\u00ba45-500x231.jpg 500w, https:\/\/www.elsindical.com.ar\/notas\/var\/www\/html\/notas\/wp-content\/uploads\/2012\/12\/Unidad-N\u00ba45.jpg 502w\" sizes=\"auto, (max-width: 300px) 100vw, 300px\" \/><\/a>Los abogados del Comit\u00e9 contra la Tortura de la Comisi\u00f3n por la Memoria de la provincia de Buenos Aires presentaron, en d\u00edas pasados, una denuncia penal ante la doctora Virginia Bravo de la Unidad Fiscal N\u00ba 7 de La Plata, luego de recibir la informaci\u00f3n de los presos de la Unidad 45 de Melchor Romero.<\/em><\/p>\n<p style=\"text-align: justify;\"><strong>E<\/strong>l Comit\u00e9 recibi\u00f3 una comunicaci\u00f3n telef\u00f3nica desde el Pabell\u00f3n 6 de la Unidad Penal 45 denunciando que los agentes del Servicio Penitenciario Bonaerense los obligaron reiteradas veces a salir del penal a realizar robos y hurtos para entregarles a los penitenciarios el producto de estos hechos delictivos. De acuerdo a la versi\u00f3n de los detenidos, el SPB los amenazaban con represalias a ellos y a sus familias en caso de que se negaran. A su vez, los agentes les prove\u00edan de uniformes policiales y les indicaban el lugar donde robar.<\/p>\n<p style=\"text-align: justify;\">Los detenidos mencionaron que tienen distintas pruebas que certifican sus dichos como fotograf\u00edas tomadas por tel\u00e9fonos celulares donde algunos detenidos est\u00e1n vestidos con uniformes de polic\u00eda y se ven las cosas robadas para los agentes penitenciarios. Son seis los detenidos que solicitaron a la Comisi\u00f3n Provincial por la Memoria asistencia urgente por temor a posibles represalias del SPB.<\/p>\n<p style=\"text-align: justify;\">A ra\u00edz de estas denuncias, los abogados de la Comisi\u00f3n asistieron a la Unidad 45 donde verificaron los hechos y asistieron a los detenidos ya que ellos denuncian que fueron amenazados de muerte. El Comit\u00e9 contra la Tortura pidi\u00f3 urgente intervenci\u00f3n fiscal para investigar los hechos relatados, las pruebas presentadas y tomar declaraci\u00f3n a los detenidos. Asimismo, se le solicit\u00f3 al Servicio Penitenciario Bonaerense el traslado inmediato de los detenidos denunciantes para que se resguarde su integridad f\u00edsica.<\/p>\n<p style=\"text-align: justify;\">La fiscal Virginia Bravo se present\u00f3 en la Unidad 45 y tom\u00f3 declaraciones a los detenidos que hicieron la denuncia. Le dio intervenci\u00f3n al Juzgado de Garant\u00edas N\u00ba 5 de La Plata, y la jueza Marcela In\u00e9s Garmendia orden\u00f3 como medida de seguridad el inmediato traslado a otra unidad de los denunciantes. Los abogados de la Comisi\u00f3n acompa\u00f1aron a los detenidos a buscar sus pertenencias para el traslado y realizarse un chequeo m\u00e9dico pericial. Adem\u00e1s, se inform\u00f3 oficialmente del hecho al Ministerio de Justicia, a la Subsecretar\u00eda de Pol\u00edtica Criminal a cargo del Dr. Albarrac\u00edn y se present\u00f3 un listado de las personas que necesitaban ser trasladadas.<\/p>\n<p style=\"text-align: justify;\">Realizado el traslado a otras unidades penales de La Plata, los detenidos continuaron en contacto con la Comisi\u00f3n porque sienten que su seguridad no est\u00e1 garantizada y piden traslados a otras unidades m\u00e1s lejanas. La Comisi\u00f3n present\u00f3 un h\u00e1beas corpus por cada uno de ellos.<\/p>\n","protected":false},"excerpt":{"rendered":"<p>Los abogados del Comit\u00e9 contra la Tortura de la Comisi\u00f3n por la Memoria de la provincia de Buenos Aires presentaron, en d\u00edas pasados, una denuncia penal ante la doctora Virginia Bravo de la Unidad Fiscal N\u00ba 7 de La Plata, luego de recibir la informaci\u00f3n de los presos de la Unidad 45 de Melchor Romero.&hellip;<\/p>\n","protected":false},"author":1,"featured_media":0,"comment_status":"open","ping_status":"open","sticky":false,"template":"","format":"standard","meta":{"footnotes":""},"categories":[19],"tags":[6591,2064,8804,14136,1226,1174,10181],"class_list":["post-30505","post","type-post","status-publish","format-standard","hentry","category-intramuros","tag-fiscal-virginia-bravo","tag-internos","tag-melchor-romero","tag-obligados","tag-presos","tag-robos","tag-unidad-45"],"_links":{"self":[{"href":"https:\/\/www.elsindical.com.ar\/notas\/wp-json\/wp\/v2\/posts\/30505","targetHints":{"allow":["GET"]}}],"collection":[{"href":"https:\/\/www.elsindical.com.ar\/notas\/wp-json\/wp\/v2\/posts"}],"about":[{"href":"https:\/\/www.elsindical.com.ar\/notas\/wp-json\/wp\/v2\/types\/post"}],"author":[{"embeddable":true,"href":"https:\/\/www.elsindical.com.ar\/notas\/wp-json\/wp\/v2\/users\/1"}],"replies":[{"embeddable":true,"href":"https:\/\/www.elsindical.com.ar\/notas\/wp-json\/wp\/v2\/comments?post=30505"}],"version-history":[{"count":1,"href":"https:\/\/www.elsindical.com.ar\/notas\/wp-json\/wp\/v2\/posts\/30505\/revisions"}],"predecessor-version":[{"id":30507,"href":"https:\/\/www.elsindical.com.ar\/notas\/wp-json\/wp\/v2\/posts\/30505\/revisions\/30507"}],"wp:attachment":[{"href":"https:\/\/www.elsindical.com.ar\/notas\/wp-json\/wp\/v2\/media?parent=30505"}],"wp:term":[{"taxonomy":"category","embeddable":true,"href":"https:\/\/www.elsindical.com.ar\/notas\/wp-json\/wp\/v2\/categories?post=30505"},{"taxonomy":"post_tag","embeddable":true,"href":"https:\/\/www.elsindical.com.ar\/notas\/wp-json\/wp\/v2\/tags?post=30505"}],"curies":[{"name":"wp","href":"https:\/\/api.w.org\/{rel}","templated":true}]}}