{"id":30493,"date":"2012-12-06T15:53:53","date_gmt":"2012-12-06T18:53:53","guid":{"rendered":"http:\/\/www.elsindical.com.ar\/notas\/?p=30493"},"modified":"2012-12-06T15:56:50","modified_gmt":"2012-12-06T18:56:50","slug":"justicia-insto-a-evitar-mecanismo-de-presion-sobre-jueces","status":"publish","type":"post","link":"https:\/\/www.elsindical.com.ar\/notas\/justicia-insto-a-evitar-mecanismo-de-presion-sobre-jueces\/","title":{"rendered":"Justicia inst\u00f3 a evitar \u00abmecanismo de presi\u00f3n sobre jueces\u00bb"},"content":{"rendered":"<p style=\"text-align: justify;\"><em><a href=\"http:\/\/www.elsindical.com.ar\/notas\/var\/www\/html\/notas\/wp-content\/uploads\/2010\/07\/Corte-Suprema2.jpg\"><img loading=\"lazy\" decoding=\"async\" class=\"alignleft size-medium wp-image-7698\" title=\"Corte-Suprema2\" src=\"http:\/\/www.elsindical.com.ar\/notas\/var\/www\/html\/notas\/wp-content\/uploads\/2010\/07\/Corte-Suprema2-300x179.jpg\" alt=\"\" width=\"300\" height=\"179\" srcset=\"https:\/\/www.elsindical.com.ar\/notas\/var\/www\/html\/notas\/wp-content\/uploads\/2010\/07\/Corte-Suprema2-300x179.jpg 300w, https:\/\/www.elsindical.com.ar\/notas\/var\/www\/html\/notas\/wp-content\/uploads\/2010\/07\/Corte-Suprema2.jpg 312w\" sizes=\"auto, (max-width: 300px) 100vw, 300px\" \/><\/a>El Poder Judicial solicit\u00f3 adem\u00e1s \u201cejercer sus facultades como poder del estado dentro del marco de las reglas procesales\u00bb. La cruzada se da luego de que jueces que tienen que definir la Ley de Medios acusaran afectaci\u00f3n de independencia judicial.<\/em><\/p>\n<p style=\"text-align: justify;\">La Justicia pidi\u00f3 al Poder Ejecutivo \u201cejercer sus facultades como poder del estado dentro del marco de las reglas procesales, evitando el uso de mecanismos directos o indirectos de presi\u00f3n sobre los jueces que afecten su independencia\u201d, luego de que jueces que tienen que definir la Ley de Medios acusaran afectaci\u00f3n de independencia judicial.<\/p>\n<p style=\"text-align: justify;\">Un comunicado conjunto fue firmado por la Comisi\u00f3n Nacional de Protecci\u00f3n de la Independencia Judicial (de la Corte Suprema de Justicia); la Junta Federal de Cortes, la Asociaci\u00f3n de Magistrados y la Federaci\u00f3n Argentina de la Magistratura.<\/p>\n<p style=\"text-align: justify;\">El comunicado fue emitido luego de que d\u00edas atr\u00e1s los camaristas del fuero Civil y Comercial Federal se\u00f1alaran que las recusaciones en su contra entabladas por el Gobierno Nacional en el marco de la causa por la Ley de Medios afectan su independencia.<\/p>\n","protected":false},"excerpt":{"rendered":"<p>El Poder Judicial solicit\u00f3 adem\u00e1s \u201cejercer sus facultades como poder del estado dentro del marco de las reglas procesales\u00bb. La cruzada se da luego de que jueces que tienen que definir la Ley de Medios acusaran afectaci\u00f3n de independencia judicial. La Justicia pidi\u00f3 al Poder Ejecutivo \u201cejercer sus facultades como poder del estado dentro del&hellip;<\/p>\n","protected":false},"author":1,"featured_media":0,"comment_status":"open","ping_status":"open","sticky":false,"template":"","format":"standard","meta":{"footnotes":""},"categories":[20],"tags":[1056,4791,2281,2114],"class_list":["post-30493","post","type-post","status-publish","format-standard","hentry","category-judiciales","tag-jueces","tag-ley-de-medios","tag-poder-judicial","tag-presiones"],"_links":{"self":[{"href":"https:\/\/www.elsindical.com.ar\/notas\/wp-json\/wp\/v2\/posts\/30493","targetHints":{"allow":["GET"]}}],"collection":[{"href":"https:\/\/www.elsindical.com.ar\/notas\/wp-json\/wp\/v2\/posts"}],"about":[{"href":"https:\/\/www.elsindical.com.ar\/notas\/wp-json\/wp\/v2\/types\/post"}],"author":[{"embeddable":true,"href":"https:\/\/www.elsindical.com.ar\/notas\/wp-json\/wp\/v2\/users\/1"}],"replies":[{"embeddable":true,"href":"https:\/\/www.elsindical.com.ar\/notas\/wp-json\/wp\/v2\/comments?post=30493"}],"version-history":[{"count":4,"href":"https:\/\/www.elsindical.com.ar\/notas\/wp-json\/wp\/v2\/posts\/30493\/revisions"}],"predecessor-version":[{"id":30496,"href":"https:\/\/www.elsindical.com.ar\/notas\/wp-json\/wp\/v2\/posts\/30493\/revisions\/30496"}],"wp:attachment":[{"href":"https:\/\/www.elsindical.com.ar\/notas\/wp-json\/wp\/v2\/media?parent=30493"}],"wp:term":[{"taxonomy":"category","embeddable":true,"href":"https:\/\/www.elsindical.com.ar\/notas\/wp-json\/wp\/v2\/categories?post=30493"},{"taxonomy":"post_tag","embeddable":true,"href":"https:\/\/www.elsindical.com.ar\/notas\/wp-json\/wp\/v2\/tags?post=30493"}],"curies":[{"name":"wp","href":"https:\/\/api.w.org\/{rel}","templated":true}]}}