{"id":30483,"date":"2012-12-06T14:50:52","date_gmt":"2012-12-06T17:50:52","guid":{"rendered":"http:\/\/www.elsindical.com.ar\/notas\/?p=30483"},"modified":"2012-12-06T14:50:52","modified_gmt":"2012-12-06T17:50:52","slug":"sergio-berni-vinculo-incendio-de-motos-con-la-caida-de-cautelares-de-gendarmes","status":"publish","type":"post","link":"https:\/\/www.elsindical.com.ar\/notas\/sergio-berni-vinculo-incendio-de-motos-con-la-caida-de-cautelares-de-gendarmes\/","title":{"rendered":"Sergio Berni vincul\u00f3 incendio de motos con la ca\u00edda de cautelares de Gendarmes"},"content":{"rendered":"<p style=\"text-align: justify;\"><em><a href=\"http:\/\/www.elsindical.com.ar\/notas\/var\/www\/html\/notas\/wp-content\/uploads\/2012\/11\/Sergio-Berni-declaraciones-prensa.jpg\"><img loading=\"lazy\" decoding=\"async\" class=\"alignleft size-medium wp-image-29074\" title=\"Sergio-Berni-declaraciones-prensa\" src=\"http:\/\/www.elsindical.com.ar\/notas\/var\/www\/html\/notas\/wp-content\/uploads\/2012\/11\/Sergio-Berni-declaraciones-prensa-300x179.jpg\" alt=\"\" width=\"300\" height=\"179\" srcset=\"https:\/\/www.elsindical.com.ar\/notas\/var\/www\/html\/notas\/wp-content\/uploads\/2012\/11\/Sergio-Berni-declaraciones-prensa-300x179.jpg 300w, https:\/\/www.elsindical.com.ar\/notas\/var\/www\/html\/notas\/wp-content\/uploads\/2012\/11\/Sergio-Berni-declaraciones-prensa-500x300.jpg 500w, https:\/\/www.elsindical.com.ar\/notas\/var\/www\/html\/notas\/wp-content\/uploads\/2012\/11\/Sergio-Berni-declaraciones-prensa.jpg 502w\" sizes=\"auto, (max-width: 300px) 100vw, 300px\" \/><\/a>El secretario de Seguridad, Sergio Berni, sostuvo hoy que existe \u00abuna \u00edntima vinculaci\u00f3n\u00bb entre el incendio que destruyera 60 motos de Gendarmer\u00eda en Mercedes y \u00abla ca\u00edda de las medidas cautelares dictadas por un Juez de Santo Tom\u00e9\u00bb que beneficiaban a efectivos de las fuerzas.<\/em><\/p>\n<p style=\"text-align: justify;\">El secretario de Seguridad, Sergio Berni, sostuvo hoy que existe \u00abuna \u00edntima vinculaci\u00f3n\u00bb entre el incendio que destruyera 60 motos de Gendarmer\u00eda en la localidad bonaerense de Mercedes y \u00abla ca\u00edda de las medidas cautelares dictadas por un juez de Santo Tom\u00e9\u00bb que beneficiaban a efectivos de las fuerzas federales.<\/p>\n<p style=\"text-align: justify;\">\u00abNos han quemado un deposito con 60 motos en su interior, que est\u00e1 relacionado a la ca\u00edda de las casi 15 mil cautelares que dictara un Juez de Santo Tom\u00e9 que recib\u00eda la causa, dictaba la cautelar y se declaraba incompetente\u00bb, explic\u00f3 el funcionario en di\u00e1logo con la prensa.<\/p>\n<p style=\"text-align: justify;\">Berni sostuvo que se est\u00e1 \u00abponiendo toda la capacidad investigativa\u00bb de las fuerzas federales para esclarecer el caso y adelant\u00f3 que se actuar\u00e1 con \u00abtodo el rigor de la ley\u00bb.<\/p>\n","protected":false},"excerpt":{"rendered":"<p>El secretario de Seguridad, Sergio Berni, sostuvo hoy que existe \u00abuna \u00edntima vinculaci\u00f3n\u00bb entre el incendio que destruyera 60 motos de Gendarmer\u00eda en Mercedes y \u00abla ca\u00edda de las medidas cautelares dictadas por un Juez de Santo Tom\u00e9\u00bb que beneficiaban a efectivos de las fuerzas. El secretario de Seguridad, Sergio Berni, sostuvo hoy que existe&hellip;<\/p>\n","protected":false},"author":1,"featured_media":0,"comment_status":"open","ping_status":"open","sticky":false,"template":"","format":"standard","meta":{"footnotes":""},"categories":[13],"tags":[1429,1158,146,12727,11727],"class_list":["post-30483","post","type-post","status-publish","format-standard","hentry","category-politica","tag-gendarmeria-nacional","tag-incendio","tag-motos","tag-secretario-de-seguridad-de-la-nacion","tag-sergio-berni"],"_links":{"self":[{"href":"https:\/\/www.elsindical.com.ar\/notas\/wp-json\/wp\/v2\/posts\/30483","targetHints":{"allow":["GET"]}}],"collection":[{"href":"https:\/\/www.elsindical.com.ar\/notas\/wp-json\/wp\/v2\/posts"}],"about":[{"href":"https:\/\/www.elsindical.com.ar\/notas\/wp-json\/wp\/v2\/types\/post"}],"author":[{"embeddable":true,"href":"https:\/\/www.elsindical.com.ar\/notas\/wp-json\/wp\/v2\/users\/1"}],"replies":[{"embeddable":true,"href":"https:\/\/www.elsindical.com.ar\/notas\/wp-json\/wp\/v2\/comments?post=30483"}],"version-history":[{"count":1,"href":"https:\/\/www.elsindical.com.ar\/notas\/wp-json\/wp\/v2\/posts\/30483\/revisions"}],"predecessor-version":[{"id":30484,"href":"https:\/\/www.elsindical.com.ar\/notas\/wp-json\/wp\/v2\/posts\/30483\/revisions\/30484"}],"wp:attachment":[{"href":"https:\/\/www.elsindical.com.ar\/notas\/wp-json\/wp\/v2\/media?parent=30483"}],"wp:term":[{"taxonomy":"category","embeddable":true,"href":"https:\/\/www.elsindical.com.ar\/notas\/wp-json\/wp\/v2\/categories?post=30483"},{"taxonomy":"post_tag","embeddable":true,"href":"https:\/\/www.elsindical.com.ar\/notas\/wp-json\/wp\/v2\/tags?post=30483"}],"curies":[{"name":"wp","href":"https:\/\/api.w.org\/{rel}","templated":true}]}}