{"id":30406,"date":"2012-12-04T15:35:15","date_gmt":"2012-12-04T18:35:15","guid":{"rendered":"http:\/\/www.elsindical.com.ar\/notas\/?p=30406"},"modified":"2012-12-04T15:35:15","modified_gmt":"2012-12-04T18:35:15","slug":"16-dias-de-activismo-contra-la-violencia-de-genero-hoy-corpinos-en-el-palacio-de-tribunales","status":"publish","type":"post","link":"https:\/\/www.elsindical.com.ar\/notas\/16-dias-de-activismo-contra-la-violencia-de-genero-hoy-corpinos-en-el-palacio-de-tribunales\/","title":{"rendered":"16 d\u00edas de activismo contra la Violencia de G\u00e9nero, hoy corpi\u00f1os en el Palacio de Tribunales"},"content":{"rendered":"<div id=\"bajada\" style=\"text-align: justify;\">\n<p><em><a href=\"http:\/\/www.elsindical.com.ar\/notas\/var\/www\/html\/notas\/wp-content\/uploads\/2012\/12\/protesta-Mujer-e-Igualdad-Tribunales.jpg\"><img loading=\"lazy\" decoding=\"async\" class=\"alignleft size-medium wp-image-30407\" title=\"protesta-Mujer-e-Igualdad-Tribunales\" src=\"http:\/\/www.elsindical.com.ar\/notas\/var\/www\/html\/notas\/wp-content\/uploads\/2012\/12\/protesta-Mujer-e-Igualdad-Tribunales-300x193.jpg\" alt=\"\" width=\"300\" height=\"193\" srcset=\"https:\/\/www.elsindical.com.ar\/notas\/var\/www\/html\/notas\/wp-content\/uploads\/2012\/12\/protesta-Mujer-e-Igualdad-Tribunales-300x193.jpg 300w, https:\/\/www.elsindical.com.ar\/notas\/var\/www\/html\/notas\/wp-content\/uploads\/2012\/12\/protesta-Mujer-e-Igualdad-Tribunales-464x300.jpg 464w, https:\/\/www.elsindical.com.ar\/notas\/var\/www\/html\/notas\/wp-content\/uploads\/2012\/12\/protesta-Mujer-e-Igualdad-Tribunales.jpg 502w\" sizes=\"auto, (max-width: 300px) 100vw, 300px\" \/><\/a>El frente del Palacio de Justicia fue testigo de una movida simb\u00f3lica para la reflexi\u00f3n. Mujeres se concentraron y colgaron ropa interior en la fachada del edificio ubicado en la calle Talcahuano. La particular iniciativa fue en el marco de los \u00ab16 d\u00edas de activismo contra la Violencia de G\u00e9nero\u00bb.<\/em><\/p>\n<\/div>\n<div id=\"texto\" style=\"text-align: justify;\">\n<p>Artistas callejeros y alumnos de escuelas de arte rodearon la fachada del Palacio de Justicia porte\u00f1o con corpi\u00f1os entrelazados en repudio a la violencia de g\u00e9nero. Medio centenar de personas participaron del abrazo que se concret\u00f3 poco antes del mediod\u00eda cuando se despleg\u00f3 la ropa interior atada en manos de los j\u00f3venes que rodearon la manzana y se instalaron en las escalinatas de acceso al edificio, ubicado en Talcahuano 550 de la Ciudad de Buenos Aires.<\/p>\n<p>La actividad, organizada por la Fundaci\u00f3n Mujeres en Igualdad (MEI), se desarroll\u00f3 en el marco de los \u201c<em>16 d\u00edas de activismo contra la Violencia de G\u00e9nero<\/em>\u201d, una campa\u00f1a internacional que se realiza desde 1991 con el apoyo de Naciones Unidas, y que une dos importantes fechas: el 25 de noviembre, D\u00eda Internacional de la Eliminaci\u00f3n de la Violencia contra la Mujer, y el 10 de diciembre, D\u00eda de los Derechos Humanos.<\/p>\n<p>Las representantes de la Fundaci\u00f3n reclaman el cumplimiento de la ley 26.485, de \u201c<em>Protecci\u00f3n integral para prevenir, sancionar y erradicar la violencia contra las mujeres en todos los \u00e1mbitos que desarrollen sus relaciones interpersonales<\/em>\u201d. \u201c<em>Nosotras como artistas les propusimos a MEI hacer un abrazo al Palacio de Justicia para reclamar por la Ley 26.485, en un abrazo simb\u00f3lico de corpi\u00f1os usados, que la gente nos fue donando, atravezados con un cord\u00f3n violeta porque es el color de la violencia de g\u00e9nero<\/em>\u201d, explic\u00f3 la artista pl\u00e1stica, <strong>Myriam Jawerbaum<\/strong>, quien junto a <strong>Viviana Romay <\/strong>y <strong>Valeria Budasoff <\/strong>fueron las creadoras de esta forma de expresi\u00f3n.<\/p>\n<p>En tanto, Budasoff indic\u00f3 que la elecci\u00f3n de utilizar el corpi\u00f1o surgi\u00f3 porque \u201c<em>es la prenda que se hizo para la mujer y atraviesa un mont\u00f3n de significados<\/em>\u201d. Sostuvo que \u201c<em>el feminismo hist\u00f3rico lo tomaba como una prenda opresora y tambi\u00e9n nos pareci\u00f3 interesante porque es el corpi\u00f1o que sostiene la mama materna<\/em>\u201d.<\/p>\n<\/div>\n","protected":false},"excerpt":{"rendered":"<p>El frente del Palacio de Justicia fue testigo de una movida simb\u00f3lica para la reflexi\u00f3n. Mujeres se concentraron y colgaron ropa interior en la fachada del edificio ubicado en la calle Talcahuano. La particular iniciativa fue en el marco de los \u00ab16 d\u00edas de activismo contra la Violencia de G\u00e9nero\u00bb. Artistas callejeros y alumnos de&hellip;<\/p>\n","protected":false},"author":1,"featured_media":0,"comment_status":"open","ping_status":"open","sticky":false,"template":"","format":"standard","meta":{"footnotes":""},"categories":[8],"tags":[14086,14085,14087,6058,14089,572,14088],"class_list":["post-30406","post","type-post","status-publish","format-standard","hentry","category-derechos-humanos","tag-mei","tag-mujeres-e-igualdad","tag-myriam-jawerbaum","tag-palacio-de-tribunales","tag-valeria-budasoff","tag-violencia-de-genero","tag-viviana-romay"],"_links":{"self":[{"href":"https:\/\/www.elsindical.com.ar\/notas\/wp-json\/wp\/v2\/posts\/30406","targetHints":{"allow":["GET"]}}],"collection":[{"href":"https:\/\/www.elsindical.com.ar\/notas\/wp-json\/wp\/v2\/posts"}],"about":[{"href":"https:\/\/www.elsindical.com.ar\/notas\/wp-json\/wp\/v2\/types\/post"}],"author":[{"embeddable":true,"href":"https:\/\/www.elsindical.com.ar\/notas\/wp-json\/wp\/v2\/users\/1"}],"replies":[{"embeddable":true,"href":"https:\/\/www.elsindical.com.ar\/notas\/wp-json\/wp\/v2\/comments?post=30406"}],"version-history":[{"count":1,"href":"https:\/\/www.elsindical.com.ar\/notas\/wp-json\/wp\/v2\/posts\/30406\/revisions"}],"predecessor-version":[{"id":30408,"href":"https:\/\/www.elsindical.com.ar\/notas\/wp-json\/wp\/v2\/posts\/30406\/revisions\/30408"}],"wp:attachment":[{"href":"https:\/\/www.elsindical.com.ar\/notas\/wp-json\/wp\/v2\/media?parent=30406"}],"wp:term":[{"taxonomy":"category","embeddable":true,"href":"https:\/\/www.elsindical.com.ar\/notas\/wp-json\/wp\/v2\/categories?post=30406"},{"taxonomy":"post_tag","embeddable":true,"href":"https:\/\/www.elsindical.com.ar\/notas\/wp-json\/wp\/v2\/tags?post=30406"}],"curies":[{"name":"wp","href":"https:\/\/api.w.org\/{rel}","templated":true}]}}