{"id":304,"date":"2009-09-14T00:14:47","date_gmt":"2009-09-14T03:14:47","guid":{"rendered":"http:\/\/www.elsindical.com.ar\/notas\/?p=304"},"modified":"2009-09-14T00:14:47","modified_gmt":"2009-09-14T03:14:47","slug":"descalificaron-a-serena-del-abierto-de-estados-unidosp-por-amenazar-a-una-jueza","status":"publish","type":"post","link":"https:\/\/www.elsindical.com.ar\/notas\/descalificaron-a-serena-del-abierto-de-estados-unidosp-por-amenazar-a-una-jueza\/","title":{"rendered":"Descalificaron a Serena del abierto de Estados Unidosp por amenazar a una jueza"},"content":{"rendered":"<p style=\"text-align: justify;\"><em><img loading=\"lazy\" decoding=\"async\" class=\"alignleft size-full wp-image-305\" title=\"Serena-descalificada\" src=\"http:\/\/www.elsindical.com.ar\/notas\/var\/www\/html\/notas\/wp-content\/uploads\/2009\/09\/Serena-descalificada.jpg\" alt=\"Serena-descalificada\" width=\"255\" height=\"197\" \/>La n\u00famero dos del mundo, Serena Williams, termin\u00f3 de mala manera su participaci\u00f3n en el Abierto de Estados Unidos ante la belga Kim Clijsters, luego de amenazar a una de las juezas.<\/em>\u00a0<br \/>\n\u00a0<br \/>\nCuando iba por detr\u00e1s en el marcador tras perder el primer set (6-4) y con 6-5 en el segundo, con el servicio de su parte pero 15-30 para su rival, la juez de l\u00ednea se\u00f1al\u00f3 una falta de pie en el segundo saque a la estadounidense, lo que supon\u00eda la doble falta y dos puntos de partido para la belga.<\/p>\n<p style=\"text-align: justify;\">La tenista estadounidense lo resolvi\u00f3 con una amenaza a una juez de l\u00ednea, a la que se\u00f1al\u00f3 con la raqueta y amenaz\u00f3 con un \u00abte voy a matar\u00bb (seg\u00fan confes\u00f3 la juez de l\u00ednea a la juez \u00e1rbitro, Louise Engzell).<\/p>\n<p style=\"text-align: justify;\">Engzell consult\u00f3 con el juez principal, Brian Earley, y determinaron, a falta de, al menos un punto por jugar, la descalificaci\u00f3n de la vigente campeona y el pase a la final de Clijsters.<\/p>\n<p style=\"text-align: justify;\">Al parecer Serena, no es tan serena, y deber\u00e1 reflexionar algunas de sus conductas deportivas y personales.<\/p>\n","protected":false},"excerpt":{"rendered":"<p>La n\u00famero dos del mundo, Serena Williams, termin\u00f3 de mala manera su participaci\u00f3n en el Abierto de Estados Unidos ante la belga Kim Clijsters, luego de amenazar a una de las juezas.\u00a0 \u00a0 Cuando iba por detr\u00e1s en el marcador tras perder el primer set (6-4) y con 6-5 en el segundo, con el servicio&hellip;<\/p>\n","protected":false},"author":1,"featured_media":0,"comment_status":"open","ping_status":"open","sticky":false,"template":"","format":"standard","meta":{"footnotes":""},"categories":[7],"tags":[140,142,141,139,110],"class_list":["post-304","post","type-post","status-publish","format-standard","hentry","category-deportes","tag-abierto","tag-descalificada","tag-eeuu","tag-serena-williams","tag-tenis"],"_links":{"self":[{"href":"https:\/\/www.elsindical.com.ar\/notas\/wp-json\/wp\/v2\/posts\/304","targetHints":{"allow":["GET"]}}],"collection":[{"href":"https:\/\/www.elsindical.com.ar\/notas\/wp-json\/wp\/v2\/posts"}],"about":[{"href":"https:\/\/www.elsindical.com.ar\/notas\/wp-json\/wp\/v2\/types\/post"}],"author":[{"embeddable":true,"href":"https:\/\/www.elsindical.com.ar\/notas\/wp-json\/wp\/v2\/users\/1"}],"replies":[{"embeddable":true,"href":"https:\/\/www.elsindical.com.ar\/notas\/wp-json\/wp\/v2\/comments?post=304"}],"version-history":[{"count":2,"href":"https:\/\/www.elsindical.com.ar\/notas\/wp-json\/wp\/v2\/posts\/304\/revisions"}],"predecessor-version":[{"id":307,"href":"https:\/\/www.elsindical.com.ar\/notas\/wp-json\/wp\/v2\/posts\/304\/revisions\/307"}],"wp:attachment":[{"href":"https:\/\/www.elsindical.com.ar\/notas\/wp-json\/wp\/v2\/media?parent=304"}],"wp:term":[{"taxonomy":"category","embeddable":true,"href":"https:\/\/www.elsindical.com.ar\/notas\/wp-json\/wp\/v2\/categories?post=304"},{"taxonomy":"post_tag","embeddable":true,"href":"https:\/\/www.elsindical.com.ar\/notas\/wp-json\/wp\/v2\/tags?post=304"}],"curies":[{"name":"wp","href":"https:\/\/api.w.org\/{rel}","templated":true}]}}