{"id":30379,"date":"2012-12-04T00:12:40","date_gmt":"2012-12-04T03:12:40","guid":{"rendered":"http:\/\/www.elsindical.com.ar\/notas\/?p=30379"},"modified":"2012-12-04T00:13:10","modified_gmt":"2012-12-04T03:13:10","slug":"efemeridesdel-dia-4-de-diciembre-3","status":"publish","type":"post","link":"https:\/\/www.elsindical.com.ar\/notas\/efemeridesdel-dia-4-de-diciembre-3\/","title":{"rendered":"EFEM\u00c9RIDES:DEL D\u00cdA 4 DE DICIEMBRE"},"content":{"rendered":"<p style=\"text-align: justify;\"><a href=\"http:\/\/www.elsindical.com.ar\/notas\/var\/www\/html\/notas\/wp-content\/uploads\/2012\/12\/Cardenal-Richelieu.jpg\"><img loading=\"lazy\" decoding=\"async\" class=\"alignleft size-medium wp-image-30380\" title=\"Cardenal-Richelieu\" src=\"http:\/\/www.elsindical.com.ar\/notas\/var\/www\/html\/notas\/wp-content\/uploads\/2012\/12\/Cardenal-Richelieu-293x300.jpg\" alt=\"\" width=\"293\" height=\"300\" srcset=\"https:\/\/www.elsindical.com.ar\/notas\/var\/www\/html\/notas\/wp-content\/uploads\/2012\/12\/Cardenal-Richelieu-293x300.jpg 293w, https:\/\/www.elsindical.com.ar\/notas\/var\/www\/html\/notas\/wp-content\/uploads\/2012\/12\/Cardenal-Richelieu.jpg 413w\" sizes=\"auto, (max-width: 293px) 100vw, 293px\" \/><\/a>En un cuatro de diciembre, pero de 1996, el Gobierno y la guerrilla de Guatemala firman en Oslo el acuerdo definitivo de alto el fuego que permitir\u00e1 el desarme y desmovilizaci\u00f3n de los combatientes de la Unidad Revolucionaria Nacional Guatemalteca (URNG), tras 36 a\u00f1os de guerra civil.<\/p>\n<p style=\"text-align: justify;\">1546- Fundaci\u00f3n de la ciudad de Potos\u00ed (actualmente en Bolivia), que adquiri\u00f3 fama en todo el mundo por sus ricas minas de plata.<\/p>\n<p style=\"text-align: justify;\">1642- Muere el cardenal Richelieu, estadista franc\u00e9s.<\/p>\n<p style=\"text-align: justify;\">1679- Fallece Thomas Hobbes, fil\u00f3sofo ingl\u00e9s.<\/p>\n<p style=\"text-align: justify;\">1795- Nace Thomas Carlyle, historiador y pensador brit\u00e1nico.<\/p>\n<p style=\"text-align: justify;\">1808- Guerra de la Independencia. Napole\u00f3n entra en Madrid.<\/p>\n<p style=\"text-align: justify;\">1816- James Monroe es elegido presidente de EEUU.<\/p>\n<p style=\"text-align: justify;\">&#8211; Estreno de la \u00f3pera \u00abOtelo\u00bb, de Rossini, en N\u00e1poles.<\/p>\n<p style=\"text-align: justify;\">1845- El presidente paraguayo, Carlos Antonio L\u00f3pez, y el gobierno de la provincia de Corrientes declaran la guerra al dictador argentino Juan M. de Rosas.<\/p>\n<p style=\"text-align: justify;\">1875- Nace Rainer Mar\u00eda Rilke, escritor checo.<\/p>\n<p style=\"text-align: justify;\">1876- Circula en Europa el primer coche cama de la compa\u00f1\u00eda Internacional de Wagons-Lits.<\/p>\n<p style=\"text-align: justify;\">1883- La Asamblea de El Salvador aprueba una Constituci\u00f3n para asegurar en el poder al presidente Rafael Zald\u00edvar.<\/p>\n<p style=\"text-align: justify;\">1888- El inventor e industrial estadounidense George Eastman patenta la c\u00e1mara Kodak, que puso la fotograf\u00eda al alcance del gran p\u00fablico.<\/p>\n<p style=\"text-align: justify;\">1910- Inauguraci\u00f3n de la bas\u00edlica de Nuestra Se\u00f1ora de Luj\u00e1n, centro de peregrinaciones argentinas, a 60 kil\u00f3metros de Buenos Aires.<\/p>\n<p style=\"text-align: justify;\">1917- Finlandia se declara Estado independiente.<\/p>\n<p style=\"text-align: justify;\">1919- Pancho Villa, que mantiene la insurrecci\u00f3n agraria en M\u00e9xico, es capturado en Morelos por tropas de Carranza.<\/p>\n<p style=\"text-align: justify;\">1920- El presidente de EEUU, Thomas Woodrow Wilson, recibe el Premio Nobel de la Paz concedido en 1919.<\/p>\n<p style=\"text-align: justify;\">1926- Inauguraci\u00f3n oficial de la \u00abBauhaus\u00bb, nueva escuela de arquitectura de Dessau, en Alemania.<\/p>\n<p style=\"text-align: justify;\">1927- Nace Rafael S\u00e1nchez Ferlosio, escritor espa\u00f1ol.<\/p>\n<p style=\"text-align: justify;\">1929- Publicaci\u00f3n de \u00abDo\u00f1a B\u00e1rbara\u00bb, de R\u00f3mulo Gallegos.<\/p>\n<p style=\"text-align: justify;\">1931- El presidente de El Salvador, Arturo Araujo, es derrocado y sustituido por un directorio militar.<\/p>\n<p style=\"text-align: justify;\">1940- Segunda Guerra Mundial. Gran Breta\u00f1a moviliza a las mujeres.<\/p>\n<p style=\"text-align: justify;\">1942- Intenso bombardeo aliado sobre N\u00e1poles.<\/p>\n<p style=\"text-align: justify;\">1949- Nace Jeff Bridges, actor estadounidense.<\/p>\n<p style=\"text-align: justify;\">1951- Muere Pedro Salinas, poeta y dramaturgo espa\u00f1ol.<\/p>\n<p style=\"text-align: justify;\">1959- La presa de Malpasset, en el sur de Francia, cede ante el empuje de las aguas y provoca la muerte de m\u00e1s de 400 personas.<\/p>\n<p style=\"text-align: justify;\">1972- Un golpe de Estado dirigido por el ex presidente de Honduras Oswaldo L\u00f3pez Arellano derroca al presidente Ram\u00f3n Ernesto Cruz.<\/p>\n<p style=\"text-align: justify;\">1980- Francisco Sa Carneiro, primer ministro de Portugal, muere a causa de un sabotaje en el avi\u00f3n en que viajaba, igual que su ministro de Defensa, Adelino Amaro da Costa, y otras cinco personas.<\/p>\n<p style=\"text-align: justify;\">1983- Jaime Lusinchi gana las elecciones a la Presidencia de Venezuela como candidato del Partido Acci\u00f3n Democr\u00e1tica.<\/p>\n<p style=\"text-align: justify;\">1984- Fallece John Rock, cient\u00edfico estadounidense, descubridor de la p\u00edldora anticonceptiva femenina.<\/p>\n<p style=\"text-align: justify;\">1987- Muere Rouben Mamoulian, realizador estadounidense de cine.<\/p>\n<p style=\"text-align: justify;\">1988- El socialdem\u00f3crata Carlos Andr\u00e9s P\u00e9rez es elegido por segunda vez presidente de Venezuela al obtener el 54,4% de los votos en las elecciones presidenciales.<\/p>\n<p style=\"text-align: justify;\">1991- El Tribunal Supremo de Per\u00fa exculpa al ex presidente Alan Garc\u00eda del cargo de enriquecimiento il\u00edcito, por falta de pruebas.<\/p>\n<p style=\"text-align: justify;\">1992- Tropas estadounidenses, con autorizaci\u00f3n de la ONU, llegan a Somalia para pacificar el pa\u00eds.<\/p>\n<p style=\"text-align: justify;\">1993- Fallece Frank Zappa, m\u00fasico y cineasta estadounidense.<\/p>\n<p style=\"text-align: justify;\">1994- Muere Julio Ram\u00f3n Ribeyro, escritor peruano.<\/p>\n<p style=\"text-align: justify;\">1995- Fallece Robert Parrish, editor, cineasta y actor estadounidense.<\/p>\n<p style=\"text-align: justify;\">2001- Muere Juan Jos\u00e9 Arreola, escritor mexicano autor de \u00abConfabulario\u00bb y \u00abEl \u00faltimo juglar\u00bb.<\/p>\n<p style=\"text-align: justify;\">2002- Los cient\u00edficos espa\u00f1oles Roderic Guig\u00f3, Josep F. Abril y Gen\u00eds Parra presentan un estudio internacional que demuestra que el hombre y el rat\u00f3n poseen unos 30.000 genes, de los que el 99% son muy similares, mientras que el 1% restante contiene las especificidades que les hacen distintos.<\/p>\n<p style=\"text-align: justify;\">2003- EEUU suprime los aranceles a la importaci\u00f3n de acero.<\/p>\n<p style=\"text-align: justify;\">2005- Elecciones legislativas en Venezuela en las que el gubernamental Movimiento V Rep\u00fablica (MVR) obtiene 114 esca\u00f1os, despu\u00e9s de que la oposici\u00f3n se retirara de los comicios.<\/p>\n<p style=\"text-align: justify;\">&#8211; Fallece D\u00e9bora Arango P\u00e9rez, pintora colombiana.<\/p>\n<p style=\"text-align: justify;\">2007- Muere Carlos \u00abPatato\u00bb Vald\u00e9s, m\u00fasico cubano.<\/p>\n<p style=\"text-align: justify;\">2009- La OTAN respalda el plan para Afganist\u00e1n del presidente estadounidense Barack Obama, con el env\u00edo de un m\u00ednimo de 7.000 soldados adicionales al pa\u00eds en 2010.<\/p>\n","protected":false},"excerpt":{"rendered":"<p>En un cuatro de diciembre, pero de 1996, el Gobierno y la guerrilla de Guatemala firman en Oslo el acuerdo definitivo de alto el fuego que permitir\u00e1 el desarme y desmovilizaci\u00f3n de los combatientes de la Unidad Revolucionaria Nacional Guatemalteca (URNG), tras 36 a\u00f1os de guerra civil. 1546- Fundaci\u00f3n de la ciudad de Potos\u00ed (actualmente&hellip;<\/p>\n","protected":false},"author":1,"featured_media":0,"comment_status":"open","ping_status":"open","sticky":false,"template":"","format":"standard","meta":{"footnotes":""},"categories":[14],"tags":[],"class_list":["post-30379","post","type-post","status-publish","format-standard","hentry","category-efemerides"],"_links":{"self":[{"href":"https:\/\/www.elsindical.com.ar\/notas\/wp-json\/wp\/v2\/posts\/30379","targetHints":{"allow":["GET"]}}],"collection":[{"href":"https:\/\/www.elsindical.com.ar\/notas\/wp-json\/wp\/v2\/posts"}],"about":[{"href":"https:\/\/www.elsindical.com.ar\/notas\/wp-json\/wp\/v2\/types\/post"}],"author":[{"embeddable":true,"href":"https:\/\/www.elsindical.com.ar\/notas\/wp-json\/wp\/v2\/users\/1"}],"replies":[{"embeddable":true,"href":"https:\/\/www.elsindical.com.ar\/notas\/wp-json\/wp\/v2\/comments?post=30379"}],"version-history":[{"count":3,"href":"https:\/\/www.elsindical.com.ar\/notas\/wp-json\/wp\/v2\/posts\/30379\/revisions"}],"predecessor-version":[{"id":30383,"href":"https:\/\/www.elsindical.com.ar\/notas\/wp-json\/wp\/v2\/posts\/30379\/revisions\/30383"}],"wp:attachment":[{"href":"https:\/\/www.elsindical.com.ar\/notas\/wp-json\/wp\/v2\/media?parent=30379"}],"wp:term":[{"taxonomy":"category","embeddable":true,"href":"https:\/\/www.elsindical.com.ar\/notas\/wp-json\/wp\/v2\/categories?post=30379"},{"taxonomy":"post_tag","embeddable":true,"href":"https:\/\/www.elsindical.com.ar\/notas\/wp-json\/wp\/v2\/tags?post=30379"}],"curies":[{"name":"wp","href":"https:\/\/api.w.org\/{rel}","templated":true}]}}