{"id":30376,"date":"2012-12-03T13:57:11","date_gmt":"2012-12-03T16:57:11","guid":{"rendered":"http:\/\/www.elsindical.com.ar\/notas\/?p=30376"},"modified":"2012-12-03T13:57:11","modified_gmt":"2012-12-03T16:57:11","slug":"floresbanda-de-peruanas-utilizaban-panales-y-bebes-para-traficar-drogas","status":"publish","type":"post","link":"https:\/\/www.elsindical.com.ar\/notas\/floresbanda-de-peruanas-utilizaban-panales-y-bebes-para-traficar-drogas\/","title":{"rendered":"Flores:Banda de peruanas, utilizaban pa\u00f1ales y beb\u00e9s para traficar drogas"},"content":{"rendered":"<div id=\"bajada\" style=\"text-align: justify;\">\n<p><em><a href=\"http:\/\/www.elsindical.com.ar\/notas\/var\/www\/html\/notas\/wp-content\/uploads\/2012\/12\/droga-en-pa\u00f1ales.jpg\"><img loading=\"lazy\" decoding=\"async\" class=\"alignleft size-medium wp-image-30377\" title=\"droga-en-pa\u00f1ales\" src=\"http:\/\/www.elsindical.com.ar\/notas\/var\/www\/html\/notas\/wp-content\/uploads\/2012\/12\/droga-en-pa\u00f1ales-300x225.jpg\" alt=\"\" width=\"300\" height=\"225\" srcset=\"https:\/\/www.elsindical.com.ar\/notas\/var\/www\/html\/notas\/wp-content\/uploads\/2012\/12\/droga-en-pa\u00f1ales-300x225.jpg 300w, https:\/\/www.elsindical.com.ar\/notas\/var\/www\/html\/notas\/wp-content\/uploads\/2012\/12\/droga-en-pa\u00f1ales-399x300.jpg 399w, https:\/\/www.elsindical.com.ar\/notas\/var\/www\/html\/notas\/wp-content\/uploads\/2012\/12\/droga-en-pa\u00f1ales.jpg 413w\" sizes=\"auto, (max-width: 300px) 100vw, 300px\" \/><\/a>En un procedimiento de la Polic\u00eda Federal, nueve personas fueron detenidas en el marco de una investigaci\u00f3n por venta ilegal de drogas en el barrio porte\u00f1o de Flores. Las acusadas utilizaban los pa\u00f1ales del peque\u00f1o para trasladar la mercader\u00eda y entregarla a los clientes.<\/em><\/p>\n<\/div>\n<div id=\"texto\" style=\"text-align: justify;\">\n<p>Nueve personas, entre ellas una adolescente, fueron detenidas acusadas de integrar una banda de narcos que vend\u00eda coca\u00edna en el barrio porte\u00f1o de Flores y camuflaba la droga en pa\u00f1ales de beb\u00e9 para evitar ser descubierta, informaron fuentes policiales.<\/p>\n<p>Seg\u00fan los investigadores de la Superintendencia de Drogas Peligrosas de la Polic\u00eda Federal, la organizadora de la banda era una mujer de nacionalidad peruana que fue detenida, y la droga secuestrada alcanza las mil d\u00f3sis.<\/p>\n<p>Las fuentes explicaron que la investigaci\u00f3n comenz\u00f3 hace dos meses cuando se detect\u00f3 que una organizaci\u00f3n vend\u00eda coca\u00edna en proximidades de la villa 1-11-14, en el Bajo Flores.<\/p>\n<p>Los pesquisas determinaron que las entregas de la droga la realizaban mujeres que utilizaban a un beb\u00e9 como pantalla y camuflaban la coca\u00edna en los pa\u00f1ales del ni\u00f1o para evitar ser descubiertos.<\/p>\n<p>Adem\u00e1s, los investigadores descubrieron que para realizar las entregas, los narcos utilizaban un autom\u00f3vil Fiat Siena que habitualmente realizaba un mismo recorrido para sus clientes.<\/p>\n<p>As\u00ed, se logr\u00f3 determinar que la jefa de la banda era una mujer que trabajaba con otras cuatro mujeres, y que otros cuatro hombres se dedicaban \u00fanicamente a la seguridad y a la elaboraci\u00f3n de la droga.<\/p>\n<p><em>\u201cEn este caso, las mujeres eran las que manejaban el aparato log\u00edstico y los hombres los que se dedicaban a generar y cocinar la droga y darle la seguridad a las mujeres\u201d<\/em>, dijo el secretario de Seguridad de la Naci\u00f3n, <strong>Sergio Berni<\/strong>, quien supervis\u00f3 la pesquisa.<\/p>\n<p><em>\u201cEn este tipo de modalidad no hay escr\u00fapulos, escond\u00edan la droga dentro de los pa\u00f1ales de un beb\u00e9 con el cual hac\u00edan los repartos\u201d<\/em>, dijo el funcionario, quien agreg\u00f3 que <em>\u201cadem\u00e1s hab\u00eda una menor de 16 a\u00f1os de nacionalidad peruana que tambi\u00e9n fue detenida\u201d<\/em>.<\/p>\n<p>Berni aclar\u00f3 que durante los operativos se secuestraron <em>\u201ctel\u00e9fonos, mucha informaci\u00f3n documentada para seguir avanzando en la investigaci\u00f3n, un auto, dinero y por su puesto la droga\u201d<\/em>.<\/p>\n<p>Las fuentes explicaron que las nueve personas quedaron detenidas, cuatro hombres y cinco mujeres, siete de ellos de nacionalidad peruana y dos bolivianos.<\/p>\n<p>Entre los detenidos hay una adolescente de 16 a\u00f1os, que qued\u00f3 a disposici\u00f3n de la Justicia de Menores.<br \/>\nLos investigadores secuestraron en poder de los detenidos unas mil dosis de coca\u00edna lista para la venta, por un total de 600 gramos.<\/p>\n<\/div>\n","protected":false},"excerpt":{"rendered":"<p>En un procedimiento de la Polic\u00eda Federal, nueve personas fueron detenidas en el marco de una investigaci\u00f3n por venta ilegal de drogas en el barrio porte\u00f1o de Flores. Las acusadas utilizaban los pa\u00f1ales del peque\u00f1o para trasladar la mercader\u00eda y entregarla a los clientes. Nueve personas, entre ellas una adolescente, fueron detenidas acusadas de integrar&hellip;<\/p>\n","protected":false},"author":1,"featured_media":0,"comment_status":"open","ping_status":"open","sticky":false,"template":"","format":"standard","meta":{"footnotes":""},"categories":[22],"tags":[3452,5499,382,14076,502,11727],"class_list":["post-30376","post","type-post","status-publish","format-standard","hentry","category-policiales","tag-bajo-flores","tag-bebes","tag-drogas","tag-panales","tag-policia-federal-argentina","tag-sergio-berni"],"_links":{"self":[{"href":"https:\/\/www.elsindical.com.ar\/notas\/wp-json\/wp\/v2\/posts\/30376","targetHints":{"allow":["GET"]}}],"collection":[{"href":"https:\/\/www.elsindical.com.ar\/notas\/wp-json\/wp\/v2\/posts"}],"about":[{"href":"https:\/\/www.elsindical.com.ar\/notas\/wp-json\/wp\/v2\/types\/post"}],"author":[{"embeddable":true,"href":"https:\/\/www.elsindical.com.ar\/notas\/wp-json\/wp\/v2\/users\/1"}],"replies":[{"embeddable":true,"href":"https:\/\/www.elsindical.com.ar\/notas\/wp-json\/wp\/v2\/comments?post=30376"}],"version-history":[{"count":1,"href":"https:\/\/www.elsindical.com.ar\/notas\/wp-json\/wp\/v2\/posts\/30376\/revisions"}],"predecessor-version":[{"id":30378,"href":"https:\/\/www.elsindical.com.ar\/notas\/wp-json\/wp\/v2\/posts\/30376\/revisions\/30378"}],"wp:attachment":[{"href":"https:\/\/www.elsindical.com.ar\/notas\/wp-json\/wp\/v2\/media?parent=30376"}],"wp:term":[{"taxonomy":"category","embeddable":true,"href":"https:\/\/www.elsindical.com.ar\/notas\/wp-json\/wp\/v2\/categories?post=30376"},{"taxonomy":"post_tag","embeddable":true,"href":"https:\/\/www.elsindical.com.ar\/notas\/wp-json\/wp\/v2\/tags?post=30376"}],"curies":[{"name":"wp","href":"https:\/\/api.w.org\/{rel}","templated":true}]}}