{"id":30371,"date":"2012-12-03T13:46:49","date_gmt":"2012-12-03T16:46:49","guid":{"rendered":"http:\/\/www.elsindical.com.ar\/notas\/?p=30371"},"modified":"2012-12-03T13:46:49","modified_gmt":"2012-12-03T16:46:49","slug":"concordiaescandalo-por-fotos-de-un-preceptor-manteniendo-sexo-con-una-alumna","status":"publish","type":"post","link":"https:\/\/www.elsindical.com.ar\/notas\/concordiaescandalo-por-fotos-de-un-preceptor-manteniendo-sexo-con-una-alumna\/","title":{"rendered":"Concordia:Esc\u00e1ndalo por fotos de un preceptor manteniendo sexo con una alumna"},"content":{"rendered":"<p style=\"text-align: justify;\"><em><a href=\"http:\/\/www.elsindical.com.ar\/notas\/var\/www\/html\/notas\/wp-content\/uploads\/2012\/12\/V\u00edctor-Fassi.jpg\"><img loading=\"lazy\" decoding=\"async\" class=\"alignleft size-medium wp-image-30372\" title=\"V\u00edctor-Fassi\" src=\"http:\/\/www.elsindical.com.ar\/notas\/var\/www\/html\/notas\/wp-content\/uploads\/2012\/12\/V\u00edctor-Fassi-300x209.jpg\" alt=\"\" width=\"300\" height=\"209\" srcset=\"https:\/\/www.elsindical.com.ar\/notas\/var\/www\/html\/notas\/wp-content\/uploads\/2012\/12\/V\u00edctor-Fassi-300x209.jpg 300w, https:\/\/www.elsindical.com.ar\/notas\/var\/www\/html\/notas\/wp-content\/uploads\/2012\/12\/V\u00edctor-Fassi.jpg 413w\" sizes=\"auto, (max-width: 300px) 100vw, 300px\" \/><\/a>El hombre fue denunciado por su propia pareja ante el director del establecimiento por haberse sacado fotos mientras manten\u00eda relaciones sexuales con una alumna menor de edad.<\/em><\/p>\n<p style=\"text-align: justify;\">El esc\u00e1ndalo, que se conoci\u00f3 hoy, deriv\u00f3 en que V\u00edctor Fassi, director de la Escuela Agrot\u00e9cnica n\u00famero 152 \u00abManuel Mar\u00eda Calder\u00f3n\u00bb, de esa ciudad de cerca de 150 mil habitantes situada al noreste de la provincia, se presentara ante la Polic\u00eda local para denunciar el caso.<\/p>\n<p style=\"text-align: justify;\">Seg\u00fan lo publicado hoy por el diario R\u00edo Uruguay, todo se inici\u00f3 el s\u00e1bado \u00faltimo por la noche, cuando Fassi recibi\u00f3 la visita de una mujer, que le dijo que era pareja del preceptor y contaba con fotos en las que se ve\u00eda al hombre manteniendo relaciones con una alumna menor de edad.<\/p>\n<p style=\"text-align: justify;\">Horas m\u00e1s tarde, el docente recibi\u00f3 un correo electr\u00f3nico con varias im\u00e1genes que confirmaban lo que la mujer le hab\u00eda denunciado previamente, por lo que se decidi\u00f3 a dirigirse a una sede policial a radicar la denuncia pertinente.<\/p>\n<p style=\"text-align: justify;\">No obstante, seg\u00fan la informaci\u00f3n que difundi\u00f3 el mismo peri\u00f3dico local, el padre de la menor ya estaba al tanto de la relaci\u00f3n de su hija con el preceptor.<\/p>\n<p style=\"text-align: justify;\">El hombre no ten\u00eda por el momento previsto denunciar al preceptor, aunque s\u00ed trascendi\u00f3 que le hab\u00eda exigido que se encargue de hacer desaparecer las im\u00e1genes en las que se puede ver a la menor con \u00e9l, de un sitio de internet al que hab\u00edan sido subidas.<\/p>\n","protected":false},"excerpt":{"rendered":"<p>El hombre fue denunciado por su propia pareja ante el director del establecimiento por haberse sacado fotos mientras manten\u00eda relaciones sexuales con una alumna menor de edad. El esc\u00e1ndalo, que se conoci\u00f3 hoy, deriv\u00f3 en que V\u00edctor Fassi, director de la Escuela Agrot\u00e9cnica n\u00famero 152 \u00abManuel Mar\u00eda Calder\u00f3n\u00bb, de esa ciudad de cerca de 150&hellip;<\/p>\n","protected":false},"author":1,"featured_media":0,"comment_status":"open","ping_status":"open","sticky":false,"template":"","format":"standard","meta":{"footnotes":""},"categories":[6],"tags":[7003,10437,2448,3631,223,14071,241,14072],"class_list":["post-30371","post","type-post","status-publish","format-standard","hentry","category-denuncias","tag-alumna","tag-concordia","tag-escuela","tag-fotos","tag-menor","tag-preceptor","tag-sexo","tag-victor-fassi"],"_links":{"self":[{"href":"https:\/\/www.elsindical.com.ar\/notas\/wp-json\/wp\/v2\/posts\/30371","targetHints":{"allow":["GET"]}}],"collection":[{"href":"https:\/\/www.elsindical.com.ar\/notas\/wp-json\/wp\/v2\/posts"}],"about":[{"href":"https:\/\/www.elsindical.com.ar\/notas\/wp-json\/wp\/v2\/types\/post"}],"author":[{"embeddable":true,"href":"https:\/\/www.elsindical.com.ar\/notas\/wp-json\/wp\/v2\/users\/1"}],"replies":[{"embeddable":true,"href":"https:\/\/www.elsindical.com.ar\/notas\/wp-json\/wp\/v2\/comments?post=30371"}],"version-history":[{"count":1,"href":"https:\/\/www.elsindical.com.ar\/notas\/wp-json\/wp\/v2\/posts\/30371\/revisions"}],"predecessor-version":[{"id":30373,"href":"https:\/\/www.elsindical.com.ar\/notas\/wp-json\/wp\/v2\/posts\/30371\/revisions\/30373"}],"wp:attachment":[{"href":"https:\/\/www.elsindical.com.ar\/notas\/wp-json\/wp\/v2\/media?parent=30371"}],"wp:term":[{"taxonomy":"category","embeddable":true,"href":"https:\/\/www.elsindical.com.ar\/notas\/wp-json\/wp\/v2\/categories?post=30371"},{"taxonomy":"post_tag","embeddable":true,"href":"https:\/\/www.elsindical.com.ar\/notas\/wp-json\/wp\/v2\/tags?post=30371"}],"curies":[{"name":"wp","href":"https:\/\/api.w.org\/{rel}","templated":true}]}}