{"id":30352,"date":"2012-12-03T03:20:54","date_gmt":"2012-12-03T06:20:54","guid":{"rendered":"http:\/\/www.elsindical.com.ar\/notas\/?p=30352"},"modified":"2012-12-03T03:20:54","modified_gmt":"2012-12-03T06:20:54","slug":"velez-campeon-del-torneo-inicial","status":"publish","type":"post","link":"https:\/\/www.elsindical.com.ar\/notas\/velez-campeon-del-torneo-inicial\/","title":{"rendered":"V\u00e9lez campe\u00f3n del torneo Inicial"},"content":{"rendered":"<p style=\"text-align: justify;\"><em><a href=\"http:\/\/www.elsindical.com.ar\/notas\/var\/www\/html\/notas\/wp-content\/uploads\/2012\/12\/V\u00e9lez-campe\u00f3n-2012.jpg\"><img loading=\"lazy\" decoding=\"async\" class=\"alignleft size-medium wp-image-30353\" title=\"V\u00e9lez-campe\u00f3n-2012\" src=\"http:\/\/www.elsindical.com.ar\/notas\/var\/www\/html\/notas\/wp-content\/uploads\/2012\/12\/V\u00e9lez-campe\u00f3n-2012-300x127.jpg\" alt=\"\" width=\"300\" height=\"127\" srcset=\"https:\/\/www.elsindical.com.ar\/notas\/var\/www\/html\/notas\/wp-content\/uploads\/2012\/12\/V\u00e9lez-campe\u00f3n-2012-300x127.jpg 300w, https:\/\/www.elsindical.com.ar\/notas\/var\/www\/html\/notas\/wp-content\/uploads\/2012\/12\/V\u00e9lez-campe\u00f3n-2012-500x212.jpg 500w, https:\/\/www.elsindical.com.ar\/notas\/var\/www\/html\/notas\/wp-content\/uploads\/2012\/12\/V\u00e9lez-campe\u00f3n-2012.jpg 502w\" sizes=\"auto, (max-width: 300px) 100vw, 300px\" \/><\/a>V\u00e9lez derrot\u00f3 a Uni\u00f3n por 2 a 0 y se consagr\u00f3 campe\u00f3n del Inicial 2012<strong>.<\/strong> Facundo Ferreyra anot\u00f3 los dos goles en el segundo tiempo. <strong>Es el tercer t\u00edtulo de Gareca en cuatro a\u00f1os<\/strong>.\u00a0<\/em><\/p>\n<div style=\"text-align: justify;\">\n<p>V\u00e9lez, con este triunfo, lleg\u00f3 a 38 puntos y se hizo inalcanzable para el resto, a falta de una jornada para la finalizaci\u00f3n del certamen.<\/p>\n<p>El desarrollo del primer tiempo no desmostr\u00f3 la diferencia que se refleja en la tabla de posiciones.<\/p>\n<p>V\u00e9lez, el l\u00edder, no fue capaz de imponer su juego y quebrar a la defensa rival. Uni\u00f3n, el colista, estuvo cerca de abrir el marcador.<\/p>\n<p>Sin embargo, los de Liniers fueron dominadores y, pese a que estuvieron imprecisos en el manejo de la pelota, tuvieron sus chances en el cuarto de hora inicial, a trav\u00e9s de Emiliano Papa (3m.), Facundo Ferreyra (5m. y 9m.) y Francisco Cerro (11m.).<\/p>\n<p>Pero pasado ese lapso del partido, Uni\u00f3n se adelant\u00f3, emparej\u00f3 el desarrollo del juego y hasta tuvo sus oportunidades por intermedio de Alejandro P\u00e9rez (32m.), Diego Jara (34m.) y Mat\u00edas Donnet (36m.).<\/p>\n<p>Pero m\u00e1s all\u00e1 del presente de uno y otro equipo, los primeros 45 minutos fueron muy aburridos, ya que ninguno de los dos equipos tuvo volumen de juego.<\/p>\n<p>A V\u00e9lez le cost\u00f3 much\u00edsimo generar f\u00fatbol, porque no aparecieron ni Federico Ins\u00faa, el enganche, ni Lucas Pratto, el delantero que m\u00e1s juega.<\/p>\n<p>Entonces nunca le lleg\u00f3 una pelota limpia a Ferreyra, el goleador.<\/p>\n<p>Uni\u00f3n se mostr\u00f3 s\u00f3lido atr\u00e1s y apost\u00f3 al despliegue de P\u00e9rez, por derecha, y de Fausto Montero, por izquierda.<\/p>\n<p>Pero sus puntas quedaron aislados.<\/p>\n<p>En el segundo tiempo, todo cambi\u00f3.<\/p>\n<p>V\u00e9lez sali\u00f3 decidido a marcar y, en su segunda llegada, Ferreyra, de cabeza, puso el 1 a 0, a los 3 minutos.<\/p>\n<p>Previamente, Iv\u00e1n Bella hab\u00eda reventado el travesa\u00f1o.<\/p>\n<p>Pero despu\u00e9s del gol, el equipo local se relaj\u00f3 y Uni\u00f3n tuvo el empate en dos ocasiones: Emanuel Moreno (18m.) y Andr\u00e9s Franzoia (32m.).<\/p>\n<p>Sin embargo, a los 39 minutos, apareci\u00f3 otra vez Ferreyra para convertirse en el goleador del torneo con 11 conquistas y establecer el 2 a 0 final.<\/p>\n<p>As\u00ed la fiesta qued\u00f3 en el barrio de Liniers.<\/p>\n<p>= S\u00edntesis =<\/p>\n<p>V\u00e9lez Sarsfield: Sebasti\u00e1n Sosa; Fabi\u00e1n Cubero, Sebasti\u00e1n Dom\u00ednguez, Fernando Tobio y Emiliano Papa; Iv\u00e1n Bella, Francisco Cerro, Ariel Cabral y Federico Ins\u00faa; Lucas Pratto y Facundo Ferreyra. DT: Ricardo Alberto Gareca.<\/p>\n<p>Uni\u00f3n de Santa Fe: Mart\u00edn Peraf\u00e1n; Bruno Bianchi, Diego Barisone, Nicol\u00e1s Correa y Mauro Maidana; Alejandro P\u00e9rez, Mat\u00edas Donnet, Nicol\u00e1s Bruna y Fausto Montero; Andr\u00e9s Franzoia y Diego Jara. DT: Nery Pumpido.<\/p>\n<p>Goles en el segundo tiempo; 3m. y 39m. Ferreyra (VS).<\/p>\n<p>Cambios en el segundo tiempo; 17m. Emanuel Moreno por Barisone (U); 25m. Gino Peruzzi por Bella (VS); 28m. Marcelo Sarmiento por Bruna (U); 33m. Lucas Romero por Cabral (VS); 34m. Jonathan Copete por Ins\u00faa (VS); 40m. Federico Chiapello por Montero (U).<\/p>\n<p>Amonestados: Barisone, Moreno y Bruna (U).<\/p>\n<p>Arbitro: Mauro Vigliano.<\/p>\n<p>Cancha: V\u00e9lez.<\/p>\n<\/div>\n","protected":false},"excerpt":{"rendered":"<p>V\u00e9lez derrot\u00f3 a Uni\u00f3n por 2 a 0 y se consagr\u00f3 campe\u00f3n del Inicial 2012. Facundo Ferreyra anot\u00f3 los dos goles en el segundo tiempo. Es el tercer t\u00edtulo de Gareca en cuatro a\u00f1os.\u00a0 V\u00e9lez, con este triunfo, lleg\u00f3 a 38 puntos y se hizo inalcanzable para el resto, a falta de una jornada para&hellip;<\/p>\n","protected":false},"author":1,"featured_media":0,"comment_status":"open","ping_status":"open","sticky":false,"template":"","format":"standard","meta":{"footnotes":""},"categories":[7],"tags":[3402,14065,14066,720],"class_list":["post-30352","post","type-post","status-publish","format-standard","hentry","category-deportes","tag-campeon","tag-torneo-inicial","tag-union","tag-velez"],"_links":{"self":[{"href":"https:\/\/www.elsindical.com.ar\/notas\/wp-json\/wp\/v2\/posts\/30352","targetHints":{"allow":["GET"]}}],"collection":[{"href":"https:\/\/www.elsindical.com.ar\/notas\/wp-json\/wp\/v2\/posts"}],"about":[{"href":"https:\/\/www.elsindical.com.ar\/notas\/wp-json\/wp\/v2\/types\/post"}],"author":[{"embeddable":true,"href":"https:\/\/www.elsindical.com.ar\/notas\/wp-json\/wp\/v2\/users\/1"}],"replies":[{"embeddable":true,"href":"https:\/\/www.elsindical.com.ar\/notas\/wp-json\/wp\/v2\/comments?post=30352"}],"version-history":[{"count":2,"href":"https:\/\/www.elsindical.com.ar\/notas\/wp-json\/wp\/v2\/posts\/30352\/revisions"}],"predecessor-version":[{"id":30355,"href":"https:\/\/www.elsindical.com.ar\/notas\/wp-json\/wp\/v2\/posts\/30352\/revisions\/30355"}],"wp:attachment":[{"href":"https:\/\/www.elsindical.com.ar\/notas\/wp-json\/wp\/v2\/media?parent=30352"}],"wp:term":[{"taxonomy":"category","embeddable":true,"href":"https:\/\/www.elsindical.com.ar\/notas\/wp-json\/wp\/v2\/categories?post=30352"},{"taxonomy":"post_tag","embeddable":true,"href":"https:\/\/www.elsindical.com.ar\/notas\/wp-json\/wp\/v2\/tags?post=30352"}],"curies":[{"name":"wp","href":"https:\/\/api.w.org\/{rel}","templated":true}]}}