{"id":30349,"date":"2012-12-03T03:04:25","date_gmt":"2012-12-03T06:04:25","guid":{"rendered":"http:\/\/www.elsindical.com.ar\/notas\/?p=30349"},"modified":"2012-12-03T03:04:25","modified_gmt":"2012-12-03T06:04:25","slug":"osecac-suma-denuncias-por-incumplir-en-salud","status":"publish","type":"post","link":"https:\/\/www.elsindical.com.ar\/notas\/osecac-suma-denuncias-por-incumplir-en-salud\/","title":{"rendered":"OSECAC suma denuncias por incumplir en salud"},"content":{"rendered":"<p style=\"text-align: justify;\"><em><a href=\"http:\/\/www.elsindical.com.ar\/notas\/var\/www\/html\/notas\/wp-content\/uploads\/2012\/12\/Defensor\u00eda-del-Pueblo-de-la-Ciudad.jpg\"><img loading=\"lazy\" decoding=\"async\" class=\"alignleft size-medium wp-image-30350\" title=\"Defensor\u00eda-del-Pueblo-de-la-Ciudad\" src=\"http:\/\/www.elsindical.com.ar\/notas\/var\/www\/html\/notas\/wp-content\/uploads\/2012\/12\/Defensor\u00eda-del-Pueblo-de-la-Ciudad-300x170.jpg\" alt=\"\" width=\"300\" height=\"170\" srcset=\"https:\/\/www.elsindical.com.ar\/notas\/var\/www\/html\/notas\/wp-content\/uploads\/2012\/12\/Defensor\u00eda-del-Pueblo-de-la-Ciudad-300x170.jpg 300w, https:\/\/www.elsindical.com.ar\/notas\/var\/www\/html\/notas\/wp-content\/uploads\/2012\/12\/Defensor\u00eda-del-Pueblo-de-la-Ciudad-500x283.jpg 500w, https:\/\/www.elsindical.com.ar\/notas\/var\/www\/html\/notas\/wp-content\/uploads\/2012\/12\/Defensor\u00eda-del-Pueblo-de-la-Ciudad.jpg 502w\" sizes=\"auto, (max-width: 300px) 100vw, 300px\" \/><\/a>En el \u00faltimo informe de la Defensor\u00eda del Pueblo de la Ciudad se reflejan estos reclamos, en su mayor\u00eda referidos a no satisfacci\u00f3n de prestaciones obligatorias. Este diario consult\u00f3 con un especialista en la materia.<\/em><\/p>\n<p style=\"text-align: justify;\">Afiliados a la Obra Social de Empleados de Comercio y Actividades Civiles (OSECAC) denuncian a la entidad en la Defensor\u00eda del Pueblo porte\u00f1a por distintos incumplimientos en la prestaci\u00f3n de servicios de salud. El \u00faltimo informe de Derecho a la Salud en Acci\u00f3n -de la Defensor\u00eda del Pueblo de la Ciudad-, incluye a<strong> OSECAC <\/strong>entre las obras sociales que mayor cantidad de quejas recibieron durante 2011.<\/p>\n<p style=\"text-align: justify;\">En declaraciones a este diario, el doctor Carlos Nicolini, jefe del Area de Salud de la Defensor\u00eda, admiti\u00f3 que la obra social ha recibido varios reclamos en los \u00faltimos a\u00f1os. \u201cEste a\u00f1o y en a\u00f1os anteriores hemos tenido algunas quejas. En general los beneficiarios de obras sociales est\u00e1n referidos en su mayor\u00eda al incumplimiento de las prestaciones obligatorias previstas\u201d.<\/p>\n<p style=\"text-align: justify;\">A fin de a\u00f1o pasado, <strong>una joven madre con HIV solicitaba a OSECAC la cobertura de leche materna para su beb\u00e9, dado que lo amamantaba para evitar contagiarlo<\/strong>. \u201cLamentablemente es recurrente la falta de cobertura de las leches maternizadas porque est\u00e1 en debate si deben ser incluidas o no porque no est\u00e1n en el PMO. Pero la Superintendencia de Servicios de Salud ha explicado que el PMO es un piso y no un techo. Y en caso que haya una indicaci\u00f3n m\u00e9dica, la leche se transforma casi en un medicamento por lo que debe ser cubierta\u201d, cont\u00f3 Nicolini.<\/p>\n<p style=\"text-align: justify;\">En este contexto, el defensor adjunto explic\u00f3 que <strong>\u201ca veces los auditores de las obras sociales hacen valer criterios economicistas en defensa de los recursos de las instituciones y por eso se toman esas determinaciones. Pero habr\u00eda que aplicar, en verdad, el criterio del derecho a la salud\u201d<\/strong>. Al respecto, indic\u00f3 que \u201cen los casos que el reclamo est\u00e1 justificado vamos a fondo pero cuando sospechamos que hay un negocio del m\u00e9dico o de un laboratorio, no avanzamos&#8230; Hemos encontrado indicaciones que no estaban justificadas\u201d.<br \/>\nEn el informe de gesti\u00f3n de la Defensor\u00eda de 2011, OSECAC tambi\u00e9n aparece citada en un expediente por \u201cla falta o dificultades para la cobertura de prestaciones especiales, en particular: internaci\u00f3n domiciliaria y rehabilitaci\u00f3n\u201d.<\/p>\n","protected":false},"excerpt":{"rendered":"<p>En el \u00faltimo informe de la Defensor\u00eda del Pueblo de la Ciudad se reflejan estos reclamos, en su mayor\u00eda referidos a no satisfacci\u00f3n de prestaciones obligatorias. Este diario consult\u00f3 con un especialista en la materia. Afiliados a la Obra Social de Empleados de Comercio y Actividades Civiles (OSECAC) denuncian a la entidad en la Defensor\u00eda&hellip;<\/p>\n","protected":false},"author":1,"featured_media":0,"comment_status":"open","ping_status":"open","sticky":false,"template":"","format":"standard","meta":{"footnotes":""},"categories":[6],"tags":[5824,22020,7023,376],"class_list":["post-30349","post","type-post","status-publish","format-standard","hentry","category-denuncias","tag-defensoria-del-pueblo","tag-denuncias","tag-osecac","tag-usuarios"],"_links":{"self":[{"href":"https:\/\/www.elsindical.com.ar\/notas\/wp-json\/wp\/v2\/posts\/30349","targetHints":{"allow":["GET"]}}],"collection":[{"href":"https:\/\/www.elsindical.com.ar\/notas\/wp-json\/wp\/v2\/posts"}],"about":[{"href":"https:\/\/www.elsindical.com.ar\/notas\/wp-json\/wp\/v2\/types\/post"}],"author":[{"embeddable":true,"href":"https:\/\/www.elsindical.com.ar\/notas\/wp-json\/wp\/v2\/users\/1"}],"replies":[{"embeddable":true,"href":"https:\/\/www.elsindical.com.ar\/notas\/wp-json\/wp\/v2\/comments?post=30349"}],"version-history":[{"count":1,"href":"https:\/\/www.elsindical.com.ar\/notas\/wp-json\/wp\/v2\/posts\/30349\/revisions"}],"predecessor-version":[{"id":30351,"href":"https:\/\/www.elsindical.com.ar\/notas\/wp-json\/wp\/v2\/posts\/30349\/revisions\/30351"}],"wp:attachment":[{"href":"https:\/\/www.elsindical.com.ar\/notas\/wp-json\/wp\/v2\/media?parent=30349"}],"wp:term":[{"taxonomy":"category","embeddable":true,"href":"https:\/\/www.elsindical.com.ar\/notas\/wp-json\/wp\/v2\/categories?post=30349"},{"taxonomy":"post_tag","embeddable":true,"href":"https:\/\/www.elsindical.com.ar\/notas\/wp-json\/wp\/v2\/tags?post=30349"}],"curies":[{"name":"wp","href":"https:\/\/api.w.org\/{rel}","templated":true}]}}