{"id":30332,"date":"2012-12-02T02:50:49","date_gmt":"2012-12-02T05:50:49","guid":{"rendered":"http:\/\/www.elsindical.com.ar\/notas\/?p=30332"},"modified":"2012-12-02T02:50:49","modified_gmt":"2012-12-02T05:50:49","slug":"avellanedamesa-de-sensibilizacion-de-genero-y-derechos-humanos","status":"publish","type":"post","link":"https:\/\/www.elsindical.com.ar\/notas\/avellanedamesa-de-sensibilizacion-de-genero-y-derechos-humanos\/","title":{"rendered":"Avellaneda:Mesa de sensibilizaci\u00f3n de G\u00e9nero y Derechos Humanos"},"content":{"rendered":"<p style=\"text-align: justify;\"><em><a href=\"http:\/\/www.elsindical.com.ar\/notas\/var\/www\/html\/notas\/wp-content\/uploads\/2012\/12\/Calzoni-Ferraresi-y-Noli.jpg\"><img loading=\"lazy\" decoding=\"async\" class=\"alignleft size-medium wp-image-30333\" title=\"Calzoni,-Ferraresi-y-Noli\" src=\"http:\/\/www.elsindical.com.ar\/notas\/var\/www\/html\/notas\/wp-content\/uploads\/2012\/12\/Calzoni-Ferraresi-y-Noli-300x190.jpg\" alt=\"\" width=\"300\" height=\"190\" srcset=\"https:\/\/www.elsindical.com.ar\/notas\/var\/www\/html\/notas\/wp-content\/uploads\/2012\/12\/Calzoni-Ferraresi-y-Noli-300x190.jpg 300w, https:\/\/www.elsindical.com.ar\/notas\/var\/www\/html\/notas\/wp-content\/uploads\/2012\/12\/Calzoni-Ferraresi-y-Noli.jpg 413w\" sizes=\"auto, (max-width: 300px) 100vw, 300px\" \/><\/a>Integrada por dos paneles, las charlas constituyeron una herramienta de prevenci\u00f3n y asesoramiento para las v\u00edctimas de violencia de g\u00e9nero. \u201cTodos los actores sociales tenemos que articular el trabajo para lograr soluciones\u201d, asegur\u00f3 el jefe comunal de Avellaneda.<\/em><\/p>\n<p style=\"text-align: justify;\">En compa\u00f1\u00eda del Defensor Oficial del Polo Judicial, Luciano Noli, y el rector de la Universidad de Avellaneda, Jorge Calzoni, el jefe comunal de Avellaneda, Jorge Ferraresi, estuvo presente en la Casa del Bicentenario del Centro Cultural Hugo Caruso con motivo de la inauguraci\u00f3n de la \u201cMesa de sensibilizaci\u00f3n de G\u00e9nero y Derechos Humanos\u201d.<\/p>\n<p style=\"text-align: justify;\">Noli explic\u00f3 que, en materia de violencia de g\u00e9nero, \u201cAvellaneda representa una zona picante pero en base a la atenci\u00f3n, consultas diarias y el trabajo con ONGs, estamos trabajando en el tema. Por eso contamos con dos defensor\u00edas civiles\u201d. Y adelant\u00f3: \u201cNuestro objetivo es generar una Defensor\u00eda de G\u00e9nero en Avellaneda\u201d.<\/p>\n<p style=\"text-align: justify;\">Adem\u00e1s, el Defensor Oficial present\u00f3 los paneles de trabajo que\u00a0 integraron la jornada: una, relativa a la funci\u00f3n de la Defensor\u00eda\u00a0 P\u00fablica, a cargo del Fiscal general Dr. Andr\u00e9s Devoto, y la segunda, sobre las relaciones peligrosas, maltrato en noviazgos y abusos en la escuela.<\/p>\n<p style=\"text-align: justify;\">A continuaci\u00f3n, Calzoni subray\u00f3 la importancia de la iniciativa porque \u201cser parte de este tipo de encuentros resulta un aprendizaje\u201d y agreg\u00f3: \u201cTem\u00e1ticas como violencia y derechos humanos tienen que ser transversales a todas las carreras. El a\u00f1o que viene apostamos a contar con una c\u00e1tedra propia con m\u00faltiples miradas\u201d.<\/p>\n<p style=\"text-align: justify;\">En el cierre, el Intendente Ferraresi destac\u00f3 la iniciativa oficial de auspiciar la Semana de la Equidad e Igualdad por la No Violencia en el marco del \u201cD\u00eda Internacional por la no Violencia\u201d, que se conmemor\u00f3 el 25 de noviembre.<\/p>\n<p style=\"text-align: justify;\">\u201cTodos los actores sociales tenemos que articular el trabajo para lograr soluciones porque cada caso es diferente\u201d, dijo Ferraresi. \u201cEl inicio de la contenci\u00f3n lo dimos con la creaci\u00f3n de la Comisar\u00eda de la Mujer, ahora es necesario contar con un Hogar de Tr\u00e1nsito para las Mujeres y as\u00ed acompa\u00f1ar a las v\u00edctimas\u201d, sigui\u00f3 el Intendente.<\/p>\n<p style=\"text-align: justify;\">Adem\u00e1s subray\u00f3 el trabajo conjunto entre la Comuna, las defensor\u00edas, fiscal\u00edas y las fuerzas de seguridad: \u201cEstamos en sinton\u00eda\u201d, resumi\u00f3.<\/p>\n<p style=\"text-align: justify;\">\u201cTenemos que comprometernos a resolver estas cuestiones. Nos tenemos que hacer cargo de lo que nos pasa\u201d, se\u00f1al\u00f3 el Jefe Comunal y propuso \u201cincorporar la problem\u00e1tica a la educaci\u00f3n para trabajar en la prevenci\u00f3n con los chicos. Las chicas tienen que saber poner l\u00edmites, saber qu\u00e9 cosas no son admisibles\u201d, concluy\u00f3.<\/p>\n","protected":false},"excerpt":{"rendered":"<p>Integrada por dos paneles, las charlas constituyeron una herramienta de prevenci\u00f3n y asesoramiento para las v\u00edctimas de violencia de g\u00e9nero. \u201cTodos los actores sociales tenemos que articular el trabajo para lograr soluciones\u201d, asegur\u00f3 el jefe comunal de Avellaneda. En compa\u00f1\u00eda del Defensor Oficial del Polo Judicial, Luciano Noli, y el rector de la Universidad de&hellip;<\/p>\n","protected":false},"author":1,"featured_media":0,"comment_status":"open","ping_status":"open","sticky":false,"template":"","format":"standard","meta":{"footnotes":""},"categories":[8],"tags":[14061,461,14060,6275,4143,14059],"class_list":["post-30332","post","type-post","status-publish","format-standard","hentry","category-derechos-humanos","tag-andres-devoto","tag-avellaneda","tag-centro-cultral-hugo-caruso","tag-intendente-jorge-ferraresi","tag-jorge-calzoni","tag-luciano-noli"],"_links":{"self":[{"href":"https:\/\/www.elsindical.com.ar\/notas\/wp-json\/wp\/v2\/posts\/30332","targetHints":{"allow":["GET"]}}],"collection":[{"href":"https:\/\/www.elsindical.com.ar\/notas\/wp-json\/wp\/v2\/posts"}],"about":[{"href":"https:\/\/www.elsindical.com.ar\/notas\/wp-json\/wp\/v2\/types\/post"}],"author":[{"embeddable":true,"href":"https:\/\/www.elsindical.com.ar\/notas\/wp-json\/wp\/v2\/users\/1"}],"replies":[{"embeddable":true,"href":"https:\/\/www.elsindical.com.ar\/notas\/wp-json\/wp\/v2\/comments?post=30332"}],"version-history":[{"count":1,"href":"https:\/\/www.elsindical.com.ar\/notas\/wp-json\/wp\/v2\/posts\/30332\/revisions"}],"predecessor-version":[{"id":30334,"href":"https:\/\/www.elsindical.com.ar\/notas\/wp-json\/wp\/v2\/posts\/30332\/revisions\/30334"}],"wp:attachment":[{"href":"https:\/\/www.elsindical.com.ar\/notas\/wp-json\/wp\/v2\/media?parent=30332"}],"wp:term":[{"taxonomy":"category","embeddable":true,"href":"https:\/\/www.elsindical.com.ar\/notas\/wp-json\/wp\/v2\/categories?post=30332"},{"taxonomy":"post_tag","embeddable":true,"href":"https:\/\/www.elsindical.com.ar\/notas\/wp-json\/wp\/v2\/tags?post=30332"}],"curies":[{"name":"wp","href":"https:\/\/api.w.org\/{rel}","templated":true}]}}