{"id":30307,"date":"2012-12-01T03:21:35","date_gmt":"2012-12-01T06:21:35","guid":{"rendered":"http:\/\/www.elsindical.com.ar\/notas\/?p=30307"},"modified":"2012-12-01T03:25:22","modified_gmt":"2012-12-01T06:25:22","slug":"palermotrabajo-infantil-y-explotacion-de-menores","status":"publish","type":"post","link":"https:\/\/www.elsindical.com.ar\/notas\/palermotrabajo-infantil-y-explotacion-de-menores\/","title":{"rendered":"Palermo:Trabajo infantil y explotaci\u00f3n de menores"},"content":{"rendered":"<p style=\"text-align: justify;\">\u00a0\u00a0\u00a0 <a href=\"http:\/\/www.elsindical.com.ar\/notas\/var\/www\/html\/notas\/wp-content\/uploads\/2012\/12\/menores-calle-Mansilla-01-web.jpg\"><img loading=\"lazy\" decoding=\"async\" class=\"alignleft size-medium wp-image-30308\" title=\"menores-calle-Mansilla-01-web\" src=\"http:\/\/www.elsindical.com.ar\/notas\/var\/www\/html\/notas\/wp-content\/uploads\/2012\/12\/menores-calle-Mansilla-01-web-300x203.jpg\" alt=\"\" width=\"300\" height=\"203\" srcset=\"https:\/\/www.elsindical.com.ar\/notas\/var\/www\/html\/notas\/wp-content\/uploads\/2012\/12\/menores-calle-Mansilla-01-web-300x203.jpg 300w, https:\/\/www.elsindical.com.ar\/notas\/var\/www\/html\/notas\/wp-content\/uploads\/2012\/12\/menores-calle-Mansilla-01-web-441x300.jpg 441w, https:\/\/www.elsindical.com.ar\/notas\/var\/www\/html\/notas\/wp-content\/uploads\/2012\/12\/menores-calle-Mansilla-01-web.jpg 502w\" sizes=\"auto, (max-width: 300px) 100vw, 300px\" \/><\/a><em>Est\u00e1n all\u00ed, no solo a la vista de todos, sino que adem\u00e1s, son muchos los que en un barrio de gente de clase media alta, que se supone consumen informaci\u00f3n de los distintos medios de prensa, se valen de la necesidad econ\u00f3mica de estos menores que realizan trabajos por un monto muy inferior al que deber\u00edan abonar si los \u00abclientes\u00bb de turno lo hicieran en los locales habilitados para esos efectos.<\/em><\/p>\n<p style=\"text-align: justify;\">Ya por el a\u00f1o 2011, un informe de la OIT, reflejaba que en el mundo, 215 millones de ni\u00f1os trabajadores realizaban actividades peligrosas\u00a0o de riesgo, y que 1 ni\u00f1o muere por minuto relacionados a accidentes, enfermedades o padecen traumas psicol\u00f3gicos.<\/p>\n<p style=\"text-align: justify;\">En Am\u00e9rica Latina se calculan unos 14.000.000 y en Argentina la cifra oficial del Ministerio de Trabajo de la Naci\u00f3n estima que rondan los 456.000, cifra que en el 2012 sufri\u00f3 un considerable aumento por la situaci\u00f3n econ\u00f3mica de muchos hogares sin que exista una cifra real actualmente.<\/p>\n<p style=\"text-align: justify;\">Las labores de riesgo pueden tener un impacto muy severo en los cuerpos y mentes fr\u00e1giles de los ni\u00f1os y los sectores m\u00e1s com\u00fanes son la agricultura, la pesca, el servicio dom\u00e9stico, la miner\u00eda, el cartoneo y la venta ambulante, olvidando mencionar el informe la mendicidad a la que son sometidos por padres o tutores algunos menores.<\/p>\n<p style=\"text-align: justify;\">La tasa de accidentes y muertes son obviamente m\u00e1s com\u00fanes en los menores que en los mayores.<\/p>\n<p style=\"text-align: justify;\">La<a href=\"http:\/\/www.infoleg.gov.ar\/infolegInternet\/anexos\/140000-144999\/141792\/norma.htm\"> ley 26.390<\/a> prohibe \u00abel trabajo de las personas menores de diecis\u00e9is a\u00f1os en todas sus formas, exista o no relaci\u00f3n de empleo contractual, y sea \u00e9ste remunerado o no\u00bb. Sin embargo, seg\u00fan datos de la <a href=\"http:\/\/www.uca.edu.ar\/uca\/common\/grupo81\/files\/Bolet-n_trabajo_infantil_-_Bar-metro.pdf\">Encuesta de la Deuda Social Argentina<\/a>, realizada por la Universidad Cat\u00f3lica Argentina (UCA), en la <strong>Argentina urbana cerca del <\/strong><strong> 17 por ciento de los ni\u00f1os y adolescentes de entre 5 y 17 a\u00f1os realiza actividades dom\u00e9sticas de modo intensivo y\/o trabaja por su cuenta <\/strong>para ayudar econ\u00f3micamente a su familia.<\/p>\n<p style=\"text-align: justify;\">Asimismo, se calcula que<strong> 6,9 por ciento<\/strong> realiza \u00fanicamente trabajos dom\u00e9sticos como cuidar a sus hermanos menores, preparara la comida y participar de las tareas del hogar (3,5 por ciento en los ni\u00f1os y 14 por ciento en los adolescentes),<strong> 8,7 por ciento <\/strong>realiza trabajos no dom\u00e9sticos (3,7 por ciento en los ni\u00f1os y 19 por ciento en los adolescentes) y 1,4 por ciento realiza ambas actividades, es decir tareas dom\u00e9sticas y no dom\u00e9sticas (0,3 por ciento en la ni\u00f1ez y 3,6 por ciento en la adolescencia).<\/p>\n<p style=\"text-align: justify;\">Estos datos s\u00f3lo dan cuenta de lo que ocurre en la ciudad. En<strong> la Argentina rural <\/strong>abunda el trabajo infantil, muchas veces en condiciones <strong>infrahumanas<\/strong>. La recolecci\u00f3n de hortalizas y hierbas arom\u00e1ticas, el corte de ladrillos, y la recolecci\u00f3n de le\u00f1a figuran entre las principales actividades e implican muchas veces el manejo de substancias t\u00f3xicas y herramientas peligrosas.<\/p>\n<p style=\"text-align: justify;\">El trabajo infantil<strong> refuerza las desigualdades<\/strong> al afectar la <strong>educaci\u00f3n <\/strong>de los chicos.\u00a0 Se estima que el ausentismo escolar concierne el 9,1 por ciento de los ni\u00f1os y adolescentes de trabajadores de 5 a 17 a\u00f1os, mientras que entre los no trabajadores es de 3,9 por ciento.<\/p>\n<p style=\"text-align: justify;\">En el barrio de Palermo, con los a\u00f1os han ido creciendo los grupos de menores que realizan tareas que por Ley no deber\u00edan realizar, a pesar de ello, ni el Estado Nacional, ni el Gobierno de la Ciudad realizan controles al respecto, los m\u00f3viles\u00a0y polic\u00edas de las Comisar\u00edas 21, 19,\u00a023, 25 y 53 parecen prestar atenci\u00f3n a esto.<\/p>\n<p style=\"text-align: justify;\">Muchos de los menores que tratan de subsistir o ayudar a sus familias con trabajos callejeros o mendigando, suelen ser adem\u00e1s, v\u00edctimas de abusadores que no dudan en prostitu\u00edr a estos, muchas denuncias se han hecho respecto a los menores que merodean las proximidades del Alto Palermo y los adultos que los buscan para tener sexo a cambio de dinero o regalos, a pesar de ello, nada han hecho las autoridades en concreto, aduciendo que los menores prefieren \u00abesa forma de vida\u00bb.<\/p>\n<p style=\"text-align: justify;\">En una recorrida pude observar con indignaci\u00f3n, como un grupo de chicos, lavaban en la v\u00eda p\u00fablica (algo no permitido), un auto particular y un taxi, en la calle Mansilla al 3700 a metros de Jer\u00f3nimo Salguero, en la puerta de la lavanderia y tintoreria Mansilla, mientras un vecino les preguntaba cu\u00e1nto cobraban por lavarle el auto cuando terminaran, los chicos por un lavado completo cobran $35.- a repartir entre cinco, cuatro de los cuales se pueden ver en las fotograf\u00edas que acompa\u00f1an la nota.<\/p>\n<p style=\"text-align: justify;\">En defenitiva, mientras algunos padres comentaban que les preocupa la inseguridad, que reclaman mayor presencia policial y que se cumpla la Ley, muchos de ellos suelen solicitar los servicios de los menores que buscan alguna tarea que les deje algo de dinero para comer ellos o sus familias.<\/p>\n<p style=\"text-align: justify;\"><a href=\"http:\/\/www.elsindical.com.ar\/notas\/var\/www\/html\/notas\/wp-content\/uploads\/2012\/12\/menores-calle-Mansilla-02-web.jpg\"><img loading=\"lazy\" decoding=\"async\" class=\"alignleft size-medium wp-image-30309\" title=\"menores-calle-Mansilla-02-web\" src=\"http:\/\/www.elsindical.com.ar\/notas\/var\/www\/html\/notas\/wp-content\/uploads\/2012\/12\/menores-calle-Mansilla-02-web-300x196.jpg\" alt=\"\" width=\"300\" height=\"196\" srcset=\"https:\/\/www.elsindical.com.ar\/notas\/var\/www\/html\/notas\/wp-content\/uploads\/2012\/12\/menores-calle-Mansilla-02-web-300x196.jpg 300w, https:\/\/www.elsindical.com.ar\/notas\/var\/www\/html\/notas\/wp-content\/uploads\/2012\/12\/menores-calle-Mansilla-02-web-459x300.jpg 459w, https:\/\/www.elsindical.com.ar\/notas\/var\/www\/html\/notas\/wp-content\/uploads\/2012\/12\/menores-calle-Mansilla-02-web.jpg 531w\" sizes=\"auto, (max-width: 300px) 100vw, 300px\" \/><\/a><\/p>\n","protected":false},"excerpt":{"rendered":"<p>\u00a0\u00a0\u00a0 Est\u00e1n all\u00ed, no solo a la vista de todos, sino que adem\u00e1s, son muchos los que en un barrio de gente de clase media alta, que se supone consumen informaci\u00f3n de los distintos medios de prensa, se valen de la necesidad econ\u00f3mica de estos menores que realizan trabajos por un monto muy inferior al&hellip;<\/p>\n","protected":false},"author":3,"featured_media":0,"comment_status":"open","ping_status":"open","sticky":false,"template":"","format":"standard","meta":{"footnotes":""},"categories":[10],"tags":[3344,1355,1126,2353,761,775,14047,252,257,1337,30,9076],"class_list":["post-30307","post","type-post","status-publish","format-standard","hentry","category-editorial","tag-abusos","tag-accidentes","tag-autos","tag-clientes","tag-gobierno-nacional","tag-gobierno-porteno","tag-ley-26-390","tag-menores","tag-ministerio-de-trabajo","tag-palermo","tag-policia","tag-trabajo-infantil"],"_links":{"self":[{"href":"https:\/\/www.elsindical.com.ar\/notas\/wp-json\/wp\/v2\/posts\/30307","targetHints":{"allow":["GET"]}}],"collection":[{"href":"https:\/\/www.elsindical.com.ar\/notas\/wp-json\/wp\/v2\/posts"}],"about":[{"href":"https:\/\/www.elsindical.com.ar\/notas\/wp-json\/wp\/v2\/types\/post"}],"author":[{"embeddable":true,"href":"https:\/\/www.elsindical.com.ar\/notas\/wp-json\/wp\/v2\/users\/3"}],"replies":[{"embeddable":true,"href":"https:\/\/www.elsindical.com.ar\/notas\/wp-json\/wp\/v2\/comments?post=30307"}],"version-history":[{"count":3,"href":"https:\/\/www.elsindical.com.ar\/notas\/wp-json\/wp\/v2\/posts\/30307\/revisions"}],"predecessor-version":[{"id":30311,"href":"https:\/\/www.elsindical.com.ar\/notas\/wp-json\/wp\/v2\/posts\/30307\/revisions\/30311"}],"wp:attachment":[{"href":"https:\/\/www.elsindical.com.ar\/notas\/wp-json\/wp\/v2\/media?parent=30307"}],"wp:term":[{"taxonomy":"category","embeddable":true,"href":"https:\/\/www.elsindical.com.ar\/notas\/wp-json\/wp\/v2\/categories?post=30307"},{"taxonomy":"post_tag","embeddable":true,"href":"https:\/\/www.elsindical.com.ar\/notas\/wp-json\/wp\/v2\/tags?post=30307"}],"curies":[{"name":"wp","href":"https:\/\/api.w.org\/{rel}","templated":true}]}}