{"id":30289,"date":"2012-11-30T20:24:44","date_gmt":"2012-11-30T23:24:44","guid":{"rendered":"http:\/\/www.elsindical.com.ar\/notas\/?p=30289"},"modified":"2012-11-30T20:24:44","modified_gmt":"2012-11-30T23:24:44","slug":"general-pachecocartero-fue-masacrado-por-dos-perros","status":"publish","type":"post","link":"https:\/\/www.elsindical.com.ar\/notas\/general-pachecocartero-fue-masacrado-por-dos-perros\/","title":{"rendered":"General Pacheco:Cartero fue masacrado por dos perros"},"content":{"rendered":"<p style=\"text-align: justify;\"><em><a href=\"http:\/\/www.elsindical.com.ar\/notas\/var\/www\/html\/notas\/wp-content\/uploads\/2012\/11\/cartero-asesinado-por-perros.jpg\"><img loading=\"lazy\" decoding=\"async\" class=\"alignleft size-medium wp-image-30290\" title=\"cartero-asesinado-por-perros\" src=\"http:\/\/www.elsindical.com.ar\/notas\/var\/www\/html\/notas\/wp-content\/uploads\/2012\/11\/cartero-asesinado-por-perros-300x170.jpg\" alt=\"\" width=\"300\" height=\"170\" srcset=\"https:\/\/www.elsindical.com.ar\/notas\/var\/www\/html\/notas\/wp-content\/uploads\/2012\/11\/cartero-asesinado-por-perros-300x170.jpg 300w, https:\/\/www.elsindical.com.ar\/notas\/var\/www\/html\/notas\/wp-content\/uploads\/2012\/11\/cartero-asesinado-por-perros-500x283.jpg 500w, https:\/\/www.elsindical.com.ar\/notas\/var\/www\/html\/notas\/wp-content\/uploads\/2012\/11\/cartero-asesinado-por-perros.jpg 502w\" sizes=\"auto, (max-width: 300px) 100vw, 300px\" \/><\/a>Los animales, aparentemente cruza de rottweiller y pitbull, atacaron al empleado cuando arrib\u00f3 a una vivienda para entregar una correspondencia. Por las heridas, el hombre muri\u00f3 a los pocos minutos.<\/em><\/p>\n<p style=\"text-align: justify;\">Un cartero muri\u00f3 luego de que dos perros, aparentemente cruza de <strong>rottweiler y pitbull<\/strong>, lo atacaran ferozmente en la localidad bonaerense de<strong> General Pachecho<\/strong>.<\/p>\n<p style=\"text-align: justify;\">El hecho ocurri\u00f3 cuando el repartidor, identificado como <strong>Adri\u00e1n S\u00e1nchez<\/strong>, de 31 a\u00f1os, casado y con hijos, acudi\u00f3 a una vivienda ubicada en la calle El Dorado, entre El Omb\u00fa y Los Claveles, y de repente los dos canes se avalanzaron sobre \u00e9l y comenzaron a devorarlo.<\/p>\n<p style=\"text-align: justify;\">El cartero, que desde hace cinco a\u00f1os se desempe\u00f1aba en la sucursal General Pacheco de<strong> OCA,<\/strong> falleci\u00f3 tras las graves heridas que le ocasionaron los dos animales que se habr\u00edan escapado cuando su due\u00f1o sal\u00eda a la puerta a recibirlo.<\/p>\n<p style=\"text-align: justify;\">\u00abLo \u00fanico que sabemos es que el distribuidor entreg\u00f3 una correspondencia y que fue atacado por los perros. Ahora tiene que actuar la Justicia\u00bb asegur\u00f3\u00a0 un empleado de la sucursal que prefiri\u00f3 no revelar su nombre y que aclar\u00f3 que <strong>el empleado conoc\u00eda el barrio desde hac\u00eda varios a\u00f1os<\/strong>.<\/p>\n<p style=\"text-align: justify;\">La misma fuente se\u00f1al\u00f3 que desde la empresa se organizan frecuentemente <strong>charlas de prevenci\u00f3n no solamente contra la agresi\u00f3n de los perros <\/strong>sino tambi\u00e9n contra situaciones que pueden ser una amenza para los trabajadores.<\/p>\n<p style=\"text-align: justify;\">Vale mencionar que, por desgracia, <strong>los ataques de los animales hacia los carteros suelen ser muy frecuentes<\/strong>, aunque no se registraron muchos casos de esta misma gravedad. <em> <strong>El horror<\/strong><\/em> S\u00e1nchez fue hasta la casa donde ten\u00eda que hacer la entrega de la correspondencia y aplaudi\u00f3 para avisar de su presencia. En ese momento, el due\u00f1o de la casa abri\u00f3 la puerta y en un descuido los canes salieron.<\/p>\n<p style=\"text-align: justify;\">Los animales se lanzaron sobre \u00e9l y lo atacaron brutalmente, y el empleado en su intento por escapar, se moviliz\u00f3 r\u00e1pidamente. Pero los perros se abalanzaron y lo continuaron mordiendo por todo el cuerpo.<\/p>\n<p style=\"text-align: justify;\">Como consecuencia de las heridas, <strong>el hombre falleci\u00f3 antes de que<\/strong> la Polic\u00eda y los Bomberos- que fueron alertados por el due\u00f1o- <strong>arribaran a la vivienda<\/strong>. De acuerdo con lo informado por el diario <em>Escobarnews.com<\/em>, cuando las Fuerzas llegaron al lugar, se encontraron con los animales custodiando el cad\u00e1ver.<\/p>\n<p style=\"text-align: justify;\">Posteriormente, los perros fueron reducidos mediante el uso de sedantes y cuerdas y luego fueron trasladados a un canil municipal.<\/p>\n","protected":false},"excerpt":{"rendered":"<p>Los animales, aparentemente cruza de rottweiller y pitbull, atacaron al empleado cuando arrib\u00f3 a una vivienda para entregar una correspondencia. Por las heridas, el hombre muri\u00f3 a los pocos minutos. Un cartero muri\u00f3 luego de que dos perros, aparentemente cruza de rottweiler y pitbull, lo atacaran ferozmente en la localidad bonaerense de General Pachecho. El&hellip;<\/p>\n","protected":false},"author":1,"featured_media":0,"comment_status":"open","ping_status":"open","sticky":false,"template":"","format":"standard","meta":{"footnotes":""},"categories":[22],"tags":[1369,14030,6401,2786,468,303,30,680],"class_list":["post-30289","post","type-post","status-publish","format-standard","hentry","category-policiales","tag-bomberos","tag-cartero","tag-general-pacheco","tag-heridas","tag-perros","tag-pitbull","tag-policia","tag-rottweiler"],"_links":{"self":[{"href":"https:\/\/www.elsindical.com.ar\/notas\/wp-json\/wp\/v2\/posts\/30289","targetHints":{"allow":["GET"]}}],"collection":[{"href":"https:\/\/www.elsindical.com.ar\/notas\/wp-json\/wp\/v2\/posts"}],"about":[{"href":"https:\/\/www.elsindical.com.ar\/notas\/wp-json\/wp\/v2\/types\/post"}],"author":[{"embeddable":true,"href":"https:\/\/www.elsindical.com.ar\/notas\/wp-json\/wp\/v2\/users\/1"}],"replies":[{"embeddable":true,"href":"https:\/\/www.elsindical.com.ar\/notas\/wp-json\/wp\/v2\/comments?post=30289"}],"version-history":[{"count":1,"href":"https:\/\/www.elsindical.com.ar\/notas\/wp-json\/wp\/v2\/posts\/30289\/revisions"}],"predecessor-version":[{"id":30291,"href":"https:\/\/www.elsindical.com.ar\/notas\/wp-json\/wp\/v2\/posts\/30289\/revisions\/30291"}],"wp:attachment":[{"href":"https:\/\/www.elsindical.com.ar\/notas\/wp-json\/wp\/v2\/media?parent=30289"}],"wp:term":[{"taxonomy":"category","embeddable":true,"href":"https:\/\/www.elsindical.com.ar\/notas\/wp-json\/wp\/v2\/categories?post=30289"},{"taxonomy":"post_tag","embeddable":true,"href":"https:\/\/www.elsindical.com.ar\/notas\/wp-json\/wp\/v2\/tags?post=30289"}],"curies":[{"name":"wp","href":"https:\/\/api.w.org\/{rel}","templated":true}]}}