{"id":30269,"date":"2012-11-30T02:41:24","date_gmt":"2012-11-30T05:41:24","guid":{"rendered":"http:\/\/www.elsindical.com.ar\/notas\/?p=30269"},"modified":"2012-11-30T02:41:24","modified_gmt":"2012-11-30T05:41:24","slug":"solo-un-mes-de-carcel-y-26-fechas-sin-cancha-para-barras-del-rojo","status":"publish","type":"post","link":"https:\/\/www.elsindical.com.ar\/notas\/solo-un-mes-de-carcel-y-26-fechas-sin-cancha-para-barras-del-rojo\/","title":{"rendered":"Solo un mes de c\u00e1rcel y 26 fechas sin cancha para barras del Rojo"},"content":{"rendered":"<p style=\"text-align: justify;\"><em><a href=\"http:\/\/www.elsindical.com.ar\/notas\/var\/www\/html\/notas\/wp-content\/uploads\/2012\/11\/Richard-Pavone-con-pistola.jpg\"><img loading=\"lazy\" decoding=\"async\" class=\"alignleft size-medium wp-image-30270\" title=\"Richard-Pavone-con-pistola\" src=\"http:\/\/www.elsindical.com.ar\/notas\/var\/www\/html\/notas\/wp-content\/uploads\/2012\/11\/Richard-Pavone-con-pistola-300x168.jpg\" alt=\"\" width=\"300\" height=\"168\" srcset=\"https:\/\/www.elsindical.com.ar\/notas\/var\/www\/html\/notas\/wp-content\/uploads\/2012\/11\/Richard-Pavone-con-pistola-300x168.jpg 300w, https:\/\/www.elsindical.com.ar\/notas\/var\/www\/html\/notas\/wp-content\/uploads\/2012\/11\/Richard-Pavone-con-pistola.jpg 443w\" sizes=\"auto, (max-width: 300px) 100vw, 300px\" \/><\/a>\u00abRichard\u00bb Pavone y Diego Mart\u00ednez, acusados por los incidentes ante Belgrano el 14 de noviembre, fueron condenados por la Justicia.<\/em><\/p>\n<p style=\"text-align: justify;\">La Justicia actu\u00f3 y conden\u00f3 a <strong>\u00abRichard\u00bb Pavone y a Diego Mart\u00ednez<\/strong>, acusados de generar los incidentes y arrojar las bombas de estruendo que provocaron la suspensi\u00f3n del encuentro entre Independiente y Belgrano, el pasado 14 de noviembre.<\/p>\n<p style=\"text-align: justify;\">Ambos barrabras de Independiente recibieron una pena de <strong>30 d\u00edas de arresto y 26 fechas de suspensi\u00f3n para asistir a las canchas.<\/strong><\/p>\n<p style=\"text-align: justify;\">En su momento, Pavone y Mart\u00ednez fueron identificados gracias a un video registrado por las c\u00e1maras de seguridad del club de Avellaneda.<\/p>\n<p style=\"text-align: justify;\"><strong>La informaci\u00f3n fue difundida a trav\u00e9s de un comunicado de la Secretar\u00eda de Prensa del Rojo:<\/strong><\/p>\n<p style=\"text-align: justify;\"><em>El Club Atl\u00e9tico Independiente comunica que a ra\u00edz de los hechos sucedidos el pasado 14 de noviembre durante el partido ante Belgrano de C\u00f3rdoba, que dieron lugar a la suspensi\u00f3n del encuentro por las bombas de estruendo arrojadas al campo de juego donde se encontraba el arquero visitante, y con la posterior denuncia y demostraci\u00f3n p\u00fablica de las im\u00e1genes difundidas por el Aprevide en los medios de comunicaci\u00f3n, han llevado a la Justicia a actuar en consecuencia.<\/em><\/p>\n<p style=\"text-align: justify;\"><em>Con fecha 29 de noviembre el Juez Rub\u00e9n Baca, titular del Juzgado Correccional n\u00famero 5 de Lomas de Zamora resolvi\u00f3:<\/em><\/p>\n<p style=\"text-align: justify;\"><em>Condenar a Diego Ariel Mart\u00ednez a la pena de 30 d\u00edas de arresto y 26 fechas de prohibici\u00f3n de concurrencia a espect\u00e1culos deportivos<strong> <\/strong>por haber infringido los arts. 8, 10 primer y segundo p\u00e1rrafo primera parte y 14 de la ley 11.929 por los hechos acontecidos el d\u00eda 14 de noviembre de 2012.<\/em><\/p>\n<p style=\"text-align: justify;\"><em>Condenar a Ricardo Maximino Pavone a la pena de 30 d\u00edas de arresto y 26 fechas de prohibici\u00f3n de concurrencia a espect\u00e1culos deportivos por haber infringido los arts. 8, 10 primer y segundo p\u00e1rrafo y 14 de la ley 11.929 por los hechos acaecidos el d\u00eda 14 de noviembre de 2012.<\/em><\/p>\n<p style=\"text-align: justify;\"><em>Aprovechamos para destacar nuestra satisfacci\u00f3n por el r\u00e1pido accionar de los poderes del Estado y agradecemos todas las muestras de apoyo recibidas, as\u00ed como fundamentalmente, la colaboraci\u00f3n prestada por socios, simpatizantes y allegados, en el esclarecimiento de los hechos. <\/em><\/p>\n<p style=\"text-align: justify;\"><em><\/em><\/p>\n<p style=\"text-align: justify;\">Nota del Editor General:<\/p>\n<p style=\"text-align: justify;\">Con este comunicado de prensa, es m\u00e1s que evidente que la lucha de Cantero se asemeja a los fuegos artific\u00edales, al igual que la actuaci\u00f3n judicial, si los elementos secuestrados al momento de la detenci\u00f3n de Richard Pavone que difundi\u00f3 la polic\u00eda bonaerense eran ciertos, 1 tiza de coca\u00edna, una arma y otros elementos de inter\u00e9s para la causa, 1 mes de arresto no es castigo para alguien como los barras de cualquier club, si Cantero piensa erradicar as\u00ed la violencia y los negocios vinculados al delito de los barras, entonces nada cambiara y tendr\u00e1 mucho por hacer, hasta el momento, poco ha cambiado dentro y en las afueras del estadio.<\/p>\n<p style=\"text-align: justify;\"><em><\/em><\/p>\n","protected":false},"excerpt":{"rendered":"<p>\u00abRichard\u00bb Pavone y Diego Mart\u00ednez, acusados por los incidentes ante Belgrano el 14 de noviembre, fueron condenados por la Justicia. La Justicia actu\u00f3 y conden\u00f3 a \u00abRichard\u00bb Pavone y a Diego Mart\u00ednez, acusados de generar los incidentes y arrojar las bombas de estruendo que provocaron la suspensi\u00f3n del encuentro entre Independiente y Belgrano, el pasado&hellip;<\/p>\n","protected":false},"author":1,"featured_media":0,"comment_status":"open","ping_status":"open","sticky":false,"template":"","format":"standard","meta":{"footnotes":""},"categories":[20],"tags":[2390,1225,8799,13788,4449,14017,13790,14016],"class_list":["post-30269","post","type-post","status-publish","format-standard","hentry","category-judiciales","tag-barras","tag-belgrano","tag-departamento-judicial-lomas-de-zamora","tag-diego-martinez","tag-independiente","tag-juez-ruben-baca","tag-ley-11-929","tag-richard-pavone"],"_links":{"self":[{"href":"https:\/\/www.elsindical.com.ar\/notas\/wp-json\/wp\/v2\/posts\/30269","targetHints":{"allow":["GET"]}}],"collection":[{"href":"https:\/\/www.elsindical.com.ar\/notas\/wp-json\/wp\/v2\/posts"}],"about":[{"href":"https:\/\/www.elsindical.com.ar\/notas\/wp-json\/wp\/v2\/types\/post"}],"author":[{"embeddable":true,"href":"https:\/\/www.elsindical.com.ar\/notas\/wp-json\/wp\/v2\/users\/1"}],"replies":[{"embeddable":true,"href":"https:\/\/www.elsindical.com.ar\/notas\/wp-json\/wp\/v2\/comments?post=30269"}],"version-history":[{"count":1,"href":"https:\/\/www.elsindical.com.ar\/notas\/wp-json\/wp\/v2\/posts\/30269\/revisions"}],"predecessor-version":[{"id":30271,"href":"https:\/\/www.elsindical.com.ar\/notas\/wp-json\/wp\/v2\/posts\/30269\/revisions\/30271"}],"wp:attachment":[{"href":"https:\/\/www.elsindical.com.ar\/notas\/wp-json\/wp\/v2\/media?parent=30269"}],"wp:term":[{"taxonomy":"category","embeddable":true,"href":"https:\/\/www.elsindical.com.ar\/notas\/wp-json\/wp\/v2\/categories?post=30269"},{"taxonomy":"post_tag","embeddable":true,"href":"https:\/\/www.elsindical.com.ar\/notas\/wp-json\/wp\/v2\/tags?post=30269"}],"curies":[{"name":"wp","href":"https:\/\/api.w.org\/{rel}","templated":true}]}}