{"id":30236,"date":"2012-11-29T13:27:30","date_gmt":"2012-11-29T16:27:30","guid":{"rendered":"http:\/\/www.elsindical.com.ar\/notas\/?p=30236"},"modified":"2012-11-29T13:27:30","modified_gmt":"2012-11-29T16:27:30","slug":"santa-fepolemica-por-fotos-de-desnudo-artistico-en-apoyo-al-dia-internacional-contra-la-violencia-de-genero","status":"publish","type":"post","link":"https:\/\/www.elsindical.com.ar\/notas\/santa-fepolemica-por-fotos-de-desnudo-artistico-en-apoyo-al-dia-internacional-contra-la-violencia-de-genero\/","title":{"rendered":"Santa Fe:Pol\u00e9mica por fotos de desnudo art\u00edstico en apoyo al d\u00eda internacional contra la violencia de g\u00e9nero"},"content":{"rendered":"<p style=\"text-align: justify;\"><em><a href=\"http:\/\/www.elsindical.com.ar\/notas\/var\/www\/html\/notas\/wp-content\/uploads\/2012\/11\/Melina-Balbuena.jpg\"><img loading=\"lazy\" decoding=\"async\" class=\"alignleft size-medium wp-image-30237\" title=\"Melina-Balbuena\" src=\"http:\/\/www.elsindical.com.ar\/notas\/var\/www\/html\/notas\/wp-content\/uploads\/2012\/11\/Melina-Balbuena-300x224.jpg\" alt=\"\" width=\"300\" height=\"224\" srcset=\"https:\/\/www.elsindical.com.ar\/notas\/var\/www\/html\/notas\/wp-content\/uploads\/2012\/11\/Melina-Balbuena-300x224.jpg 300w, https:\/\/www.elsindical.com.ar\/notas\/var\/www\/html\/notas\/wp-content\/uploads\/2012\/11\/Melina-Balbuena-400x300.jpg 400w, https:\/\/www.elsindical.com.ar\/notas\/var\/www\/html\/notas\/wp-content\/uploads\/2012\/11\/Melina-Balbuena.jpg 502w\" sizes=\"auto, (max-width: 300px) 100vw, 300px\" \/><\/a>Una modelo de C\u00f3rdoba realiz\u00f3 un desnudo art\u00edstico el domingo pasado, en el marco del D\u00eda Internacional contra la Violencia de G\u00e9nero.<\/em><\/p>\n<p style=\"text-align: justify;\">El pasado domingo 25 de noviembre, fecha en que se conmemora el D\u00eda Internacional contra la Violencia\u00a0de G\u00e9nero, una modelo de C\u00f3rdoba identificada como Melina Balbuena realiz\u00f3 un \u00abdesnudo art\u00edstico\u00bb en el Monumento a la Bandera de la ciudad de Rosario. El fot\u00f3grafo Jonathan Russo fue quien captur\u00f3 el momento y lo public\u00f3, con autorizaci\u00f3n de la modelo, seg\u00fan inform\u00f3 La Capital de Rosario. Esta acci\u00f3n abri\u00f3 el debate, ya que mucho consideran que este tipo de actitudes son consideradas un delito seg\u00fan el C\u00f3digo Penal Argentino.<\/p>\n<p style=\"text-align: justify;\">Seg\u00fan allegados, la intenci\u00f3n de Balbuena fue emular la estatua de la libertad, la escultura del frente del Monumento que sostiene tambi\u00e9n desnuda la bandera argentina. \u00abDejen de castigar a la mujer. Si una no se puede desnudar en lugares p\u00fablicos es porque hay una Iglesia que hace ver nuestro cuerpo como algo perverso. Esa es la mayor de las violencias: prohibirnos y tratarnos como la peor cosa de la naturaleza. Se castiga la desnudez, pero no se dice nada de la cosificaci\u00f3n de la mujer\u00bb, defendi\u00f3 Balbuena.<\/p>\n<p style=\"text-align: justify;\">Miguel Carrillo Bascary, director del Monumento Nacional a la Bandera, afirm\u00f3 esta ma\u00f1ana que la sesi\u00f3n de fotos de la mujer desnuda \u00abfigura en el C\u00f3digo Penal argentino\u00bb como delito, y le corresponde a la Justicia determinar si inicia o no una acci\u00f3n penal. \u00abLa actitud que tom\u00f3 ella, figura en el C\u00f3digo Penal argentino. En muchos c\u00f3digos penales del mundo se sancionan este tipo de actividades que implican a los s\u00edmbolos nacionales, s\u00edmbolos que representan a todos nosotros, al pueblo com\u00fan, no a un gobierno determinado\u00bb.<\/p>\n<p style=\"text-align: justify;\">De igual forma, cuestion\u00f3 los motivos que tuvo la modelo para llevar adelante la sesi\u00f3n. \u00abSi la motivaci\u00f3n real fue promover una reflexi\u00f3n sobre la violencia contra la mujer, las fotograf\u00edas ser\u00edan una manifestaci\u00f3n por un medio inadecuado. Adem\u00e1s implica subalternizar el significado que tiene para los argentinos la bandera nacional y el Monumento\u00bb.<\/p>\n<p style=\"text-align: justify;\"><a href=\"http:\/\/www.elsindical.com.ar\/notas\/var\/www\/html\/notas\/wp-content\/uploads\/2012\/11\/desnudo-art\u00edstico-C\u00f3rdoba.jpg\"><img loading=\"lazy\" decoding=\"async\" class=\"alignleft size-medium wp-image-30238\" title=\"desnudo-art\u00edstico-C\u00f3rdoba\" src=\"http:\/\/www.elsindical.com.ar\/notas\/var\/www\/html\/notas\/wp-content\/uploads\/2012\/11\/desnudo-art\u00edstico-C\u00f3rdoba-300x224.jpg\" alt=\"\" width=\"300\" height=\"224\" srcset=\"https:\/\/www.elsindical.com.ar\/notas\/var\/www\/html\/notas\/wp-content\/uploads\/2012\/11\/desnudo-art\u00edstico-C\u00f3rdoba-300x224.jpg 300w, https:\/\/www.elsindical.com.ar\/notas\/var\/www\/html\/notas\/wp-content\/uploads\/2012\/11\/desnudo-art\u00edstico-C\u00f3rdoba-400x300.jpg 400w, https:\/\/www.elsindical.com.ar\/notas\/var\/www\/html\/notas\/wp-content\/uploads\/2012\/11\/desnudo-art\u00edstico-C\u00f3rdoba.jpg 502w\" sizes=\"auto, (max-width: 300px) 100vw, 300px\" \/><\/a><\/p>\n","protected":false},"excerpt":{"rendered":"<p>Una modelo de C\u00f3rdoba realiz\u00f3 un desnudo art\u00edstico el domingo pasado, en el marco del D\u00eda Internacional contra la Violencia de G\u00e9nero. El pasado domingo 25 de noviembre, fecha en que se conmemora el D\u00eda Internacional contra la Violencia\u00a0de G\u00e9nero, una modelo de C\u00f3rdoba identificada como Melina Balbuena realiz\u00f3 un \u00abdesnudo art\u00edstico\u00bb en el Monumento&hellip;<\/p>\n","protected":false},"author":1,"featured_media":0,"comment_status":"open","ping_status":"open","sticky":false,"template":"","format":"standard","meta":{"footnotes":""},"categories":[25],"tags":[4787,153,175,903,13991,3631,13989,13990,2208],"class_list":["post-30236","post","type-post","status-publish","format-standard","hentry","category-sociedad","tag-codigo-penal","tag-cordoba","tag-denuncia","tag-desnudo","tag-dia-internacional-contra-la-violencia-de-genero","tag-fotos","tag-melina-balbuena","tag-monumento-a-la-bandera","tag-rosario"],"_links":{"self":[{"href":"https:\/\/www.elsindical.com.ar\/notas\/wp-json\/wp\/v2\/posts\/30236","targetHints":{"allow":["GET"]}}],"collection":[{"href":"https:\/\/www.elsindical.com.ar\/notas\/wp-json\/wp\/v2\/posts"}],"about":[{"href":"https:\/\/www.elsindical.com.ar\/notas\/wp-json\/wp\/v2\/types\/post"}],"author":[{"embeddable":true,"href":"https:\/\/www.elsindical.com.ar\/notas\/wp-json\/wp\/v2\/users\/1"}],"replies":[{"embeddable":true,"href":"https:\/\/www.elsindical.com.ar\/notas\/wp-json\/wp\/v2\/comments?post=30236"}],"version-history":[{"count":1,"href":"https:\/\/www.elsindical.com.ar\/notas\/wp-json\/wp\/v2\/posts\/30236\/revisions"}],"predecessor-version":[{"id":30239,"href":"https:\/\/www.elsindical.com.ar\/notas\/wp-json\/wp\/v2\/posts\/30236\/revisions\/30239"}],"wp:attachment":[{"href":"https:\/\/www.elsindical.com.ar\/notas\/wp-json\/wp\/v2\/media?parent=30236"}],"wp:term":[{"taxonomy":"category","embeddable":true,"href":"https:\/\/www.elsindical.com.ar\/notas\/wp-json\/wp\/v2\/categories?post=30236"},{"taxonomy":"post_tag","embeddable":true,"href":"https:\/\/www.elsindical.com.ar\/notas\/wp-json\/wp\/v2\/tags?post=30236"}],"curies":[{"name":"wp","href":"https:\/\/api.w.org\/{rel}","templated":true}]}}