{"id":30213,"date":"2012-11-29T11:30:53","date_gmt":"2012-11-29T14:30:53","guid":{"rendered":"http:\/\/www.elsindical.com.ar\/notas\/?p=30213"},"modified":"2012-11-29T11:30:53","modified_gmt":"2012-11-29T14:30:53","slug":"san-isidrohieren-a-policia-federal-en-un-intento-de-asalto","status":"publish","type":"post","link":"https:\/\/www.elsindical.com.ar\/notas\/san-isidrohieren-a-policia-federal-en-un-intento-de-asalto\/","title":{"rendered":"San Isidro:Hieren a polic\u00eda federal en un intento de asalto"},"content":{"rendered":"<p style=\"text-align: justify;\"><em><a href=\"http:\/\/www.elsindical.com.ar\/notas\/var\/www\/html\/notas\/wp-content\/uploads\/2010\/03\/rev\u00f3lver-apuntando.jpg\"><img loading=\"lazy\" decoding=\"async\" class=\"alignleft size-full wp-image-4770\" title=\"rev\u00f3lver-apuntando\" src=\"http:\/\/www.elsindical.com.ar\/notas\/var\/www\/html\/notas\/wp-content\/uploads\/2010\/03\/rev\u00f3lver-apuntando.jpg\" alt=\"\" width=\"142\" height=\"213\" \/><\/a>Un Agente de la Polic\u00eda Federal fue herido de dos balazos\u00a0 por dos ladrones cuando se resisti\u00f3 a que entraran a robar a su casa de\u00a0 Boulogne, donde se hallaba su mujer. Los delincuentes huyeron con el arma\u00a0 reglamentaria del polic\u00eda en un auto que los esperaba a la vuelta, con al menos\u00a0 un c\u00f3mplice.<\/em><\/p>\n<p style=\"text-align: justify;\">El episodio se inici\u00f3 anoche, pasadas las 22:00 hs., cuando\u00a0 el agente Eduardo Barrios (39), que trabaja en la seccional 49a.,\u00a0 lleg\u00f3 en su\u00a0 auto y con su mujer a la puerta de su casa, en la calle Coronel Bogado.<\/p>\n<p style=\"text-align: justify;\">La mujer del polic\u00eda entr\u00f3 a la vivienda, aunque dej\u00f3 la puerta abierta,\u00a0 ya que Barrios se qued\u00f3 afuera sacando unas cosas del ba\u00fal del auto.<\/p>\n<p style=\"text-align: justify;\">En esas circunstancias, el agente fue interceptado por dos delincuentes\u00a0 armados que, bajo amenazas, quisieron obligarlo a entrar con ellos a la casa\u00a0 para robarle. El polic\u00eda se resisti\u00f3 y su mujer cerr\u00f3 la puerta de la casa para\u00a0 que los ladrones no entraran.<\/p>\n<p style=\"text-align: justify;\">Enfurecidos al verse frustrados, los delincuentes dispararon contra el\u00a0 polic\u00eda, quien recibi\u00f3 un tiro en una pierna y otro en la cadera, aparentemente\u00a0 efectuados con un arma calibre 22.<\/p>\n<p style=\"text-align: justify;\">Los asaltantes robaron el arma de Barrios y huyeron en un auto que los\u00a0 esperaba a la vuelta con al menos otro c\u00f3mplice, en tanto el polic\u00eda fue\u00a0 asistido por un equipo de emergencias m\u00e9dicas y trasladado al hospital de\u00a0 Boulogne. M\u00e1s tarde, fue derivado al hospital policial Churruca, donde\u00a0 permanec\u00eda hoy internado en observaci\u00f3n, aunque en principio fuera de\u00a0 peligro.<\/p>\n","protected":false},"excerpt":{"rendered":"<p>Un Agente de la Polic\u00eda Federal fue herido de dos balazos\u00a0 por dos ladrones cuando se resisti\u00f3 a que entraran a robar a su casa de\u00a0 Boulogne, donde se hallaba su mujer. Los delincuentes huyeron con el arma\u00a0 reglamentaria del polic\u00eda en un auto que los esperaba a la vuelta, con al menos\u00a0 un c\u00f3mplice.&hellip;<\/p>\n","protected":false},"author":1,"featured_media":0,"comment_status":"open","ping_status":"open","sticky":false,"template":"","format":"standard","meta":{"footnotes":""},"categories":[22],"tags":[3119,5901,894,958,116,40],"class_list":["post-30213","post","type-post","status-publish","format-standard","hentry","category-policiales","tag-arma-reglamentaria","tag-boulogne","tag-disparos","tag-policia-federal","tag-robo","tag-san-isidro"],"_links":{"self":[{"href":"https:\/\/www.elsindical.com.ar\/notas\/wp-json\/wp\/v2\/posts\/30213","targetHints":{"allow":["GET"]}}],"collection":[{"href":"https:\/\/www.elsindical.com.ar\/notas\/wp-json\/wp\/v2\/posts"}],"about":[{"href":"https:\/\/www.elsindical.com.ar\/notas\/wp-json\/wp\/v2\/types\/post"}],"author":[{"embeddable":true,"href":"https:\/\/www.elsindical.com.ar\/notas\/wp-json\/wp\/v2\/users\/1"}],"replies":[{"embeddable":true,"href":"https:\/\/www.elsindical.com.ar\/notas\/wp-json\/wp\/v2\/comments?post=30213"}],"version-history":[{"count":2,"href":"https:\/\/www.elsindical.com.ar\/notas\/wp-json\/wp\/v2\/posts\/30213\/revisions"}],"predecessor-version":[{"id":30215,"href":"https:\/\/www.elsindical.com.ar\/notas\/wp-json\/wp\/v2\/posts\/30213\/revisions\/30215"}],"wp:attachment":[{"href":"https:\/\/www.elsindical.com.ar\/notas\/wp-json\/wp\/v2\/media?parent=30213"}],"wp:term":[{"taxonomy":"category","embeddable":true,"href":"https:\/\/www.elsindical.com.ar\/notas\/wp-json\/wp\/v2\/categories?post=30213"},{"taxonomy":"post_tag","embeddable":true,"href":"https:\/\/www.elsindical.com.ar\/notas\/wp-json\/wp\/v2\/tags?post=30213"}],"curies":[{"name":"wp","href":"https:\/\/api.w.org\/{rel}","templated":true}]}}