{"id":30209,"date":"2012-11-29T03:16:04","date_gmt":"2012-11-29T06:16:04","guid":{"rendered":"http:\/\/www.elsindical.com.ar\/notas\/?p=30209"},"modified":"2012-11-29T03:16:04","modified_gmt":"2012-11-29T06:16:04","slug":"quilmesexitosos-procedimientos-de-gendarmeria-nacional-y-personal-de-la-comisaria-9na","status":"publish","type":"post","link":"https:\/\/www.elsindical.com.ar\/notas\/quilmesexitosos-procedimientos-de-gendarmeria-nacional-y-personal-de-la-comisaria-9na\/","title":{"rendered":"Quilmes:Exitosos procedimientos de Gendarmer\u00eda Nacional y personal de la Comisar\u00eda 9na."},"content":{"rendered":"<p style=\"text-align: justify;\">\u00a0 <a href=\"http:\/\/www.elsindical.com.ar\/notas\/var\/www\/html\/notas\/wp-content\/uploads\/2012\/11\/destacamento-9-Quilmes-01.jpg\"><img loading=\"lazy\" decoding=\"async\" class=\"alignleft size-medium wp-image-30210\" title=\"destacamento-9-Quilmes-01\" src=\"http:\/\/www.elsindical.com.ar\/notas\/var\/www\/html\/notas\/wp-content\/uploads\/2012\/11\/destacamento-9-Quilmes-01-300x168.jpg\" alt=\"\" width=\"300\" height=\"168\" srcset=\"https:\/\/www.elsindical.com.ar\/notas\/var\/www\/html\/notas\/wp-content\/uploads\/2012\/11\/destacamento-9-Quilmes-01-300x168.jpg 300w, https:\/\/www.elsindical.com.ar\/notas\/var\/www\/html\/notas\/wp-content\/uploads\/2012\/11\/destacamento-9-Quilmes-01-500x280.jpg 500w, https:\/\/www.elsindical.com.ar\/notas\/var\/www\/html\/notas\/wp-content\/uploads\/2012\/11\/destacamento-9-Quilmes-01.jpg 502w\" sizes=\"auto, (max-width: 300px) 100vw, 300px\" \/><\/a><em>En el marco de las tareas de prevenci\u00f3n que conjuntamente llevan la provincia de Buenos Aires y el Estado Nacional, personal de Gendarmer\u00eda Nacional y efectivos de la Comisar\u00eda 9 de Quilmes, llevaron con \u00e9xito, distintos procedimientos, con varios elementos secuestrados y varias detenciones por distintos delitos.<\/em><\/p>\n<p style=\"text-align: justify;\">El Comisario Francisco Centuri\u00f3n titular de\u00a0la Comisar\u00eda 9\u00a0confirmo como encargado del Destacamento de Avanzada de calles R. Francia y Av. La Plata al Subcomisario Marcelo Mareco, quien instruyo en relaci\u00f3n a la imagen y el buen trato con los vecinos y los transe\u00fantes ocasiones.<\/p>\n<p style=\"text-align: justify;\">Como as\u00ed tambi\u00e9n se le ordeno que brinde lugar de estar, y lugar de situaci\u00f3n a Gendarmer\u00eda Nacional Argentina, quienes se encuentran trabajando la zona por orden de la superioridad. Que de esta manera se logro el buen d\u00edalogo con Gendarmer\u00eda y por ello se realizan operativos de interceptaci\u00f3n selectiva con el apoyo del personal que se encuentra en el destacamento.<\/p>\n<p style=\"text-align: justify;\">Que siendo as\u00ed y habiendo instruido al personal en relaci\u00f3n al los delitos contra la propiedad y contra las personas, en las modalidades entraderas y motochorros, es que en el marco de los distintos operativos y en un mes y medio de trabajo en conjunto se logro el secuestro de Una pistola marca Browning, con numeraci\u00f3n suprimida, Un revolver calibre 38 lardo, con numeraci\u00f3n suprimida, Dos revolver calibre 32 largo, con numeraci\u00f3n suprimida, Una escopeta Remington, 12\/70, con numeraci\u00f3n suprimida, 23 autom\u00f3viles de distintas marcas y modelos, por distintos delitos, como ser encubrimiento, inf. Art. 289, etc., 41 motocicleta de distintas marcas y modelos, por distintos delitos, 02 Plantas de marihuanas de 50 cm de alto, que eran trasladados dentro de un auto particular, 20 gramos total de marihuana en distintos procedimientos, 10 gramos de clorhidrato de coca\u00edna en distintos procedimientos, 16 motocicletas fueron secuestradas con infracci\u00f3n al C\u00f3digo de Faltas, por ser falta de casco, documentaci\u00f3n, seguro, registro, y otros que la ley obliga y a la aprehensi\u00f3n de 65 aprehensiones entre hombres y mujeres, en orden a distintos delitos, quienes fueron puestos a disposici\u00f3n de sus jueces naturales.<\/p>\n<p style=\"text-align: justify;\"><a href=\"http:\/\/www.elsindical.com.ar\/notas\/var\/www\/html\/notas\/wp-content\/uploads\/2012\/11\/destacamento-9-Quilmes-02.jpg\"><img loading=\"lazy\" decoding=\"async\" class=\"alignleft size-medium wp-image-30211\" title=\"destacamento-9-Quilmes-02\" src=\"http:\/\/www.elsindical.com.ar\/notas\/var\/www\/html\/notas\/wp-content\/uploads\/2012\/11\/destacamento-9-Quilmes-02-300x168.jpg\" alt=\"\" width=\"300\" height=\"168\" srcset=\"https:\/\/www.elsindical.com.ar\/notas\/var\/www\/html\/notas\/wp-content\/uploads\/2012\/11\/destacamento-9-Quilmes-02-300x168.jpg 300w, https:\/\/www.elsindical.com.ar\/notas\/var\/www\/html\/notas\/wp-content\/uploads\/2012\/11\/destacamento-9-Quilmes-02-500x280.jpg 500w, https:\/\/www.elsindical.com.ar\/notas\/var\/www\/html\/notas\/wp-content\/uploads\/2012\/11\/destacamento-9-Quilmes-02.jpg 502w\" sizes=\"auto, (max-width: 300px) 100vw, 300px\" \/><\/a><\/p>\n","protected":false},"excerpt":{"rendered":"<p>\u00a0 En el marco de las tareas de prevenci\u00f3n que conjuntamente llevan la provincia de Buenos Aires y el Estado Nacional, personal de Gendarmer\u00eda Nacional y efectivos de la Comisar\u00eda 9 de Quilmes, llevaron con \u00e9xito, distintos procedimientos, con varios elementos secuestrados y varias detenciones por distintos delitos. El Comisario Francisco Centuri\u00f3n titular de\u00a0la Comisar\u00eda&hellip;<\/p>\n","protected":false},"author":1,"featured_media":0,"comment_status":"open","ping_status":"open","sticky":false,"template":"","format":"standard","meta":{"footnotes":""},"categories":[22],"tags":[13321,13970,2436,892,3604,2534,1429,684,7072,13971,986],"class_list":["post-30209","post","type-post","status-publish","format-standard","hentry","category-policiales","tag-comisaria-9","tag-comisario-francisco-centurion","tag-controles","tag-delitos","tag-destacamento","tag-detenciones","tag-gendarmeria-nacional","tag-quilmes","tag-secuestros","tag-subcomisario-marcelo-mareco","tag-vecinos"],"_links":{"self":[{"href":"https:\/\/www.elsindical.com.ar\/notas\/wp-json\/wp\/v2\/posts\/30209","targetHints":{"allow":["GET"]}}],"collection":[{"href":"https:\/\/www.elsindical.com.ar\/notas\/wp-json\/wp\/v2\/posts"}],"about":[{"href":"https:\/\/www.elsindical.com.ar\/notas\/wp-json\/wp\/v2\/types\/post"}],"author":[{"embeddable":true,"href":"https:\/\/www.elsindical.com.ar\/notas\/wp-json\/wp\/v2\/users\/1"}],"replies":[{"embeddable":true,"href":"https:\/\/www.elsindical.com.ar\/notas\/wp-json\/wp\/v2\/comments?post=30209"}],"version-history":[{"count":1,"href":"https:\/\/www.elsindical.com.ar\/notas\/wp-json\/wp\/v2\/posts\/30209\/revisions"}],"predecessor-version":[{"id":30212,"href":"https:\/\/www.elsindical.com.ar\/notas\/wp-json\/wp\/v2\/posts\/30209\/revisions\/30212"}],"wp:attachment":[{"href":"https:\/\/www.elsindical.com.ar\/notas\/wp-json\/wp\/v2\/media?parent=30209"}],"wp:term":[{"taxonomy":"category","embeddable":true,"href":"https:\/\/www.elsindical.com.ar\/notas\/wp-json\/wp\/v2\/categories?post=30209"},{"taxonomy":"post_tag","embeddable":true,"href":"https:\/\/www.elsindical.com.ar\/notas\/wp-json\/wp\/v2\/tags?post=30209"}],"curies":[{"name":"wp","href":"https:\/\/api.w.org\/{rel}","templated":true}]}}