{"id":30205,"date":"2012-11-29T01:41:47","date_gmt":"2012-11-29T04:41:47","guid":{"rendered":"http:\/\/www.elsindical.com.ar\/notas\/?p=30205"},"modified":"2012-11-29T01:41:47","modified_gmt":"2012-11-29T04:41:47","slug":"santa-feun-jefe-antidrogas-investigado-por-darle-proteccion-a-un-narco-regional","status":"publish","type":"post","link":"https:\/\/www.elsindical.com.ar\/notas\/santa-feun-jefe-antidrogas-investigado-por-darle-proteccion-a-un-narco-regional\/","title":{"rendered":"Santa Fe:Un Jefe antidrogas investigado por darle protecci\u00f3n a un narco regional"},"content":{"rendered":"<p style=\"text-align: justify;\"><em><a href=\"http:\/\/www.elsindical.com.ar\/notas\/var\/www\/html\/notas\/wp-content\/uploads\/2012\/11\/drogas-peligrosas-polic\u00eda-de-Santa-Fe.jpg\"><img loading=\"lazy\" decoding=\"async\" class=\"alignleft size-medium wp-image-30206\" title=\"drogas-peligrosas-polic\u00eda-de-Santa-Fe\" src=\"http:\/\/www.elsindical.com.ar\/notas\/var\/www\/html\/notas\/wp-content\/uploads\/2012\/11\/drogas-peligrosas-polic\u00eda-de-Santa-Fe-300x155.jpg\" alt=\"\" width=\"300\" height=\"155\" srcset=\"https:\/\/www.elsindical.com.ar\/notas\/var\/www\/html\/notas\/wp-content\/uploads\/2012\/11\/drogas-peligrosas-polic\u00eda-de-Santa-Fe-300x155.jpg 300w, https:\/\/www.elsindical.com.ar\/notas\/var\/www\/html\/notas\/wp-content\/uploads\/2012\/11\/drogas-peligrosas-polic\u00eda-de-Santa-Fe.jpg 443w\" sizes=\"auto, (max-width: 300px) 100vw, 300px\" \/><\/a>El Comisario Jos\u00e9 Luis Baella qued\u00f3 al borde del procesamiento luego que una investigaci\u00f3n del Fiscal federal santafesino comprobara que ten\u00eda una relaci\u00f3n con Daniel \u201cTuerto\u201d Mendoza, quien hace cinco meses fue detenido \u2013 y luego procesado- por haber montado una cocina de coca\u00edna en su casa de Colastin\u00e9. El rol de Asuntos Internos.<\/em><\/p>\n<p style=\"text-align: justify;\">El Comisario Jos\u00e9 Luis Baella qued\u00f3 al borde del procesamiento luego que una investigaci\u00f3n llevaba adelante por el Fiscal Federal Walter Rodr\u00edguez, basada en una pesquisa sigilosa y efectiva de la Direcci\u00f3n de Asuntos Internos, corrobor\u00f3 que, en lugar de investigar a un narcotraficante local, manten\u00eda una sospechosa relaci\u00f3n con \u00e9l.<\/p>\n<p style=\"text-align: justify;\">La relaci\u00f3n de Baella con Mendoza qued\u00f3 al descubierto mucho antes del\u00a0 12 de julio pasado, cuando la ex Drogas Peligrosas allan\u00f3 la casa del \u201cTuerto\u201d Mendoza en Colastin\u00e9 y encontr\u00f3 una cocina de coca\u00edna. De hecho, Notife.com cont\u00f3 los pormenores de esa connivencia en la nota \u201cOperaci\u00f3n Profec\u00eda\u201d, que se adjunta como enlace relacionado a esta cr\u00f3nica.<\/p>\n<p style=\"text-align: justify;\"><strong>Los hechos<\/strong><\/p>\n<p style=\"text-align: justify;\">En marzo pasado, el entonces ministro de Seguridad Leandro Corti segu\u00eda de cerca una serie de medidas de inteligencia realizadas por Asuntos Internos dirigidas a personal de la Direcci\u00f3n de Prevenci\u00f3n y Control de Adicciones que manten\u00edan, de acuerdo un escrito an\u00f3nimo, relaciones con algunos narcos locales, entre ellos Mendoza. Los funcionarios de Asuntos Internos hab\u00edan elaborado dos informes de inteligencia en los que, en base a seguimientos bien puntuales, hab\u00edan detectado c\u00f3mo funcionario antinarc\u00f3ticos visitaban la casa de Mendoza en Colastin\u00e9 e, incluso, manten\u00edan di\u00e1logos con el narco. El entonces jefe de la cartera orden\u00f3 enviar los informes a la justicia federal, traslad\u00f3 a los oficiales sospechados y llev\u00f3 adelante la m\u00e1s osada y reivindicada medida dentro de su gesti\u00f3n: sacar de la \u00f3rbita de la Polic\u00eda a la Direcci\u00f3n y dejarla bajo el ala de la conducci\u00f3n civil.<\/p>\n<p style=\"text-align: justify;\">Baella fue trasladado a Coronda por esa sospecha. Tambi\u00e9n otros oficiales que parec\u00edan en los informes de inteligencia, como Alejandro Sequeira y Emilio Mendoza (ex subjefe de la Direcci\u00f3n mientras fue Jos\u00e9 Luis Romitti el titular). Todos ellos fueron designados por el ex Jefe de la Polic\u00eda Tognoli, quien aparece nombrado en los an\u00f3nimos, pero no est\u00e1 alcanzado por esta investigaci\u00f3n, al menos en esta etapa.<\/p>\n<p style=\"text-align: justify;\">Cuando Cristian Sola asumi\u00f3 como jefe de la dependencia antinarc\u00f3ticos el primer procedimiento fuerte que realiz\u00f3\u00a0 fue el que termin\u00f3 con el \u201cTuerto\u201d preso, en julio pasado.<\/p>\n<p style=\"text-align: justify;\">El Fiscal Walter Rodriguez entendi\u00f3 entonces que la investigaci\u00f3n de Asuntos Internos y la detenci\u00f3n de Mendoza ten\u00edan una conexi\u00f3n m\u00e1s que evidente. Mientras Baella se desempe\u00f1aba como integrante de la Divisi\u00f3n Inteligencia de Drogas el narco no era molestado. Cuando todos esos comisarios fueron trasladados el \u201cTuerto\u201d perdi\u00f3.<\/p>\n<p style=\"text-align: justify;\">El Fiscal se puso al frente de la causa y estableci\u00f3 que Baella estuvo en la casa de Mendoza (el narco) en marzo de este a\u00f1o. Lo corrobor\u00f3 mediante los registros de ingresos y egresos de la Direcci\u00f3n de Drogas y por los informes de la Direcci\u00f3n de Asuntos Internos, que siguieron a Sequeira el 3 de marzo de este a\u00f1o y lo observaron de un auto Corsa color Champagne, dominio HER 858, que pertenece al parque automotor de la Secci\u00f3n Inteligencia de Drogas. Baella lleg\u00f3 al a casa del narco a las 9 y media de la noche y quine minutos despu\u00e9s se subi\u00f3 al coche el \u201cTuerto\u201d.<\/p>\n<p style=\"text-align: justify;\">El Fiscal se encontr\u00f3 adem\u00e1s con unas actuaciones que databan de marzo, pero de 2011, en las que Baella\u00a0 le informaba al juez federal que se hab\u00edan iniciado actuaciones sobre el accionar de Daniel Mendoza en las que se observaron posibles transacciones de estupefacientes. El parte informativo est\u00e1 fechado el 22 de marzo del a\u00f1o pasado. Francisco Mi\u00f1o, el magistrado que era notificado de las novedades, archiv\u00f3 esa pesquisa en agosto de 2011 por falta de resultados. Para el Fiscal Federal, est\u00e1 claro que Baella abri\u00f3 una investigaci\u00f3n con la intenci\u00f3n de desacreditar a Norma Casta\u00f1o, una activa dirigente de la ONG Madres Solidarias quien fue filmada por un efectivo policial mientras manten\u00eda una conversaci\u00f3n con el \u201cTuerto\u201d. Para el representante del Ministerio P\u00fablico, este hecho \u201cfue producido necesariamente a instancias del efectivo policial interviniente en forma asociada con el imputado\u201d. En otras palabras, Baella inform\u00f3 al juzgado que hab\u00eda seguido a Mendoza hasta una direcci\u00f3n en la zona norte de la ciudad, donde vive casta\u00f1o, s\u00f3lo para registrar en video esa reuni\u00f3n en la que, seg\u00fan los dichos de la mujer, el narco preso le pidi\u00f3 que retire la denuncia que hab\u00eda presentado en el Ministerio de Seguridad y en la Justicia contra Hugo Tognoli y un grupo de oficiales superiores de la Direcci\u00f3n de Prevenci\u00f3n y Control de Adicciones.<\/p>\n<p style=\"text-align: justify;\"><strong>La prueba<\/strong><\/p>\n<p style=\"text-align: justify;\">El Fiscal Rodr\u00edguez puso probar mediantes informes t\u00e9cnicos que el tel\u00e9fono de Baella se activ\u00f3 el 3 de marzo pasado en la zona de Colastin\u00e9, tuvo tres comunicaciones entrantes y cuatro salientes. El margen temporal de esas llamadas lo comprometen a\u00fan m\u00e1s: las comunicaciones se dieron entre las 21:38 hasta las 22:07.<\/p>\n<p style=\"text-align: justify;\">Adem\u00e1s del testimonio de Norma Casta\u00f1o, declar\u00f3 en la causa una ex pareja del \u201cTuerto\u201d que relat\u00f3 que en varias ocasiones visitaban polic\u00edas la casa de Colastin\u00e9. \u201cMe daba cuenta por la forma de hablar (\u2026) algunas veces mencionaban a Pagano o a Tognoli. Algunas veces se presentaban con veh\u00edculos policiales, otras veces con autos sin identificaci\u00f3n, me acuerdo del Corsa color Champagne. Yo no escuchaba las conversaciones, me iba a otra parte de la casa (\u2026) luego me separ\u00e9 de Mendoza pero segu\u00eda visitando a los hijos\u201d, relat\u00f3.<\/p>\n<p style=\"text-align: justify;\">Para el Fiscal, Baella contribuy\u00f3\u00a0 y favoreci\u00f3 a Mendoza para eludir investigaciones del Poder Judicial y del Ministerio P\u00fablico Fiscal, frustrando el avance de las mismas por omisi\u00f3n del cumplimiento de sus funciones en relaci\u00f3n a un delito grave del cual ten\u00eda cabal conocimiento, con evidente \u00e1nimo de lucro y dada su condici\u00f3n de funcionario p\u00fablico.<\/p>\n<p style=\"text-align: justify;\">El 20 de noviembre pasado, el Comisario Jos\u00e9 Luis Baella fue indagado por el Juez federal Francisco Mi\u00f1o. Estuvo defendido por el abogado Torres del Sel (hijo). Ambos vieron con sorpresa la profusa prueba reunida en la causa. Desde entonces, el magistrado tiene 10 d\u00edas para decidir su situaci\u00f3n procesal.<\/p>\n<p style=\"text-align: justify;\">\n<p style=\"text-align: justify;\">Fuente:Notiexpress<\/p>\n","protected":false},"excerpt":{"rendered":"<p>El Comisario Jos\u00e9 Luis Baella qued\u00f3 al borde del procesamiento luego que una investigaci\u00f3n del Fiscal federal santafesino comprobara que ten\u00eda una relaci\u00f3n con Daniel \u201cTuerto\u201d Mendoza, quien hace cinco meses fue detenido \u2013 y luego procesado- por haber montado una cocina de coca\u00edna en su casa de Colastin\u00e9. El rol de Asuntos Internos. El&hellip;<\/p>\n","protected":false},"author":1,"featured_media":0,"comment_status":"open","ping_status":"open","sticky":false,"template":"","format":"standard","meta":{"footnotes":""},"categories":[20],"tags":[13967,13968,13969,650,609],"class_list":["post-30205","post","type-post","status-publish","format-standard","hentry","category-judiciales","tag-comisario-jose-luis-baella","tag-daniel-tuerto-mendoza","tag-fiscal-federal-walter-rodriguez","tag-narcos","tag-santa-fe"],"_links":{"self":[{"href":"https:\/\/www.elsindical.com.ar\/notas\/wp-json\/wp\/v2\/posts\/30205","targetHints":{"allow":["GET"]}}],"collection":[{"href":"https:\/\/www.elsindical.com.ar\/notas\/wp-json\/wp\/v2\/posts"}],"about":[{"href":"https:\/\/www.elsindical.com.ar\/notas\/wp-json\/wp\/v2\/types\/post"}],"author":[{"embeddable":true,"href":"https:\/\/www.elsindical.com.ar\/notas\/wp-json\/wp\/v2\/users\/1"}],"replies":[{"embeddable":true,"href":"https:\/\/www.elsindical.com.ar\/notas\/wp-json\/wp\/v2\/comments?post=30205"}],"version-history":[{"count":1,"href":"https:\/\/www.elsindical.com.ar\/notas\/wp-json\/wp\/v2\/posts\/30205\/revisions"}],"predecessor-version":[{"id":30207,"href":"https:\/\/www.elsindical.com.ar\/notas\/wp-json\/wp\/v2\/posts\/30205\/revisions\/30207"}],"wp:attachment":[{"href":"https:\/\/www.elsindical.com.ar\/notas\/wp-json\/wp\/v2\/media?parent=30205"}],"wp:term":[{"taxonomy":"category","embeddable":true,"href":"https:\/\/www.elsindical.com.ar\/notas\/wp-json\/wp\/v2\/categories?post=30205"},{"taxonomy":"post_tag","embeddable":true,"href":"https:\/\/www.elsindical.com.ar\/notas\/wp-json\/wp\/v2\/tags?post=30205"}],"curies":[{"name":"wp","href":"https:\/\/api.w.org\/{rel}","templated":true}]}}