{"id":30203,"date":"2012-11-29T01:18:20","date_gmt":"2012-11-29T04:18:20","guid":{"rendered":"http:\/\/www.elsindical.com.ar\/notas\/?p=30203"},"modified":"2012-11-29T01:18:20","modified_gmt":"2012-11-29T04:18:20","slug":"santiago-del-esterocon-su-madre-postrada-una-nina-de-4-anos-era-violada-por-su-padre","status":"publish","type":"post","link":"https:\/\/www.elsindical.com.ar\/notas\/santiago-del-esterocon-su-madre-postrada-una-nina-de-4-anos-era-violada-por-su-padre\/","title":{"rendered":"Santiago del Estero:Con su madre postrada una ni\u00f1a de 4 a\u00f1os era violada por su padre"},"content":{"rendered":"<div id=\"bajada\" style=\"text-align: justify;\">\n<p><em><a href=\"http:\/\/www.elsindical.com.ar\/notas\/var\/www\/html\/notas\/wp-content\/uploads\/2010\/12\/menor-abusada.jpg\"><img loading=\"lazy\" decoding=\"async\" class=\"alignleft size-full wp-image-11134\" title=\"menor-abusada\" src=\"http:\/\/www.elsindical.com.ar\/notas\/var\/www\/html\/notas\/wp-content\/uploads\/2010\/12\/menor-abusada.jpg\" alt=\"\" width=\"236\" height=\"253\" \/><\/a>En Santiago del Estero, una nena de 4 a\u00f1os habr\u00eda sido abusada sexualmente por su padre, quien cuida de la menor porque su mam\u00e1 qued\u00f3 hemipl\u00e9jica. La t\u00eda y la hermana de la v\u00edctima denunciaron el hecho tras encontrar manchas de sangre en la ropa interior de la peque\u00f1a.<\/em><\/p>\n<\/div>\n<div id=\"texto\" style=\"text-align: justify;\">\n<p>Una de las denuncias m\u00e1s aberrantes de abuso sexual de los \u00faltimos meses trascendi\u00f3 ayer. Una nena de apenas 4 a\u00f1os habr\u00eda sido violada por su padre biol\u00f3gico, quien se hizo cargo de la nena, luego de que su madre quedara hemipl\u00e9jica. Adem\u00e1s, seg\u00fan trascendi\u00f3, \u00e9sta ser\u00eda la segunda violaci\u00f3n que se concreta contra un miembro de esa familia, publica<em> El Liberal.<\/em><\/p>\n<p>Los polic\u00edas de la Seccional 35 no daban cr\u00e9dito a lo que o\u00edan, mientras la t\u00eda y la hermana de 15 a\u00f1os de la v\u00edctima relataban que hab\u00edan encontrado manchas de sangre en la ropa interior de la menor, luego de que su padre la dejara en casa y se fuera sin saludar a nadie.<\/p>\n<div>La historia comenz\u00f3 hace varios meses, cuando <strong>Micaela L. <\/strong>(nombre ficticio) qued\u00f3 pr\u00e1cticamente al cuidado de su hermana de 15 a\u00f1os, a causa de una enfermedad que dej\u00f3 a su mam\u00e1 postrada. Desde entonces, la adolescente se hizo cargo, no s\u00f3lo de la nena presuntamente abusada sino tambi\u00e9n de sus otros hermanos.<\/div>\n<div><\/div>\n<div>En ese contexto, el padre de Micaela L. volvi\u00f3 a frecuentarla, habitualmente se la llevaba los fines de semana y no la tra\u00eda por varios d\u00edas, se hac\u00eda cargo de su vestimenta y de algunos de sus gastos.<\/div>\n<div><\/div>\n<div>Pero este s\u00e1bado, el pap\u00e1 de Micaela la dej\u00f3 en casa y se fue sin saludar, ese d\u00eda la t\u00eda y la hermana de la peque\u00f1a descubrieron que la peque\u00f1a ten\u00eda una hemorragia vaginal que hab\u00eda manchado su ropa interior. Con la experiencia de haber sufrido otro abuso en el seno de la misma familia, los parientes de la peque\u00f1a recurrieron de inmediato a la polic\u00eda y pusieron en conocimiento de la situaci\u00f3n.<\/div>\n<div><\/div>\n<div>Ayer, el juez dispuso la realizaci\u00f3n de la C\u00e1mara Gesell y una revisi\u00f3n m\u00e9dica completa de la menor Micaela L., aunque trascendi\u00f3 el profundo trauma que sufri\u00f3 la ni\u00f1a les dificult\u00f3 la tarea a los peritos, por lo que habr\u00e1 que esperar algunos d\u00edas para tener las conclusiones definitivas. No obstante, el magistrado decidi\u00f3 apurar los trabajos de investigaci\u00f3n y pedir una bater\u00eda de medidas de prueba, que le ayuden a develar la verdad hist\u00f3rica de la causa.<\/div>\n<div><\/div>\n<div>Por otra parte, la Direcci\u00f3n de la Ni\u00f1ez Adolescencia y Familia (Dinaf) se hizo cargo de la menor puesto que se consider\u00f3 que vive en una situaci\u00f3n de riesgo.<\/div>\n<div><\/div>\n<div>Adem\u00e1s, la ni\u00f1a supuestamente abusada est\u00e1 pr\u00e1cticamente a cargo de su hermana mayor, de 15 a\u00f1os de edad, quien tambi\u00e9n fue v\u00edctima de un hecho similar por parte de su padrastro, hace ya varios a\u00f1os.<\/div>\n<\/div>\n","protected":false},"excerpt":{"rendered":"<p>En Santiago del Estero, una nena de 4 a\u00f1os habr\u00eda sido abusada sexualmente por su padre, quien cuida de la menor porque su mam\u00e1 qued\u00f3 hemipl\u00e9jica. La t\u00eda y la hermana de la v\u00edctima denunciaron el hecho tras encontrar manchas de sangre en la ropa interior de la peque\u00f1a. Una de las denuncias m\u00e1s aberrantes&hellip;<\/p>\n","protected":false},"author":1,"featured_media":0,"comment_status":"open","ping_status":"open","sticky":false,"template":"","format":"standard","meta":{"footnotes":""},"categories":[22],"tags":[12749,5645,921,223,359,30,13966,1478,644],"class_list":["post-30203","post","type-post","status-publish","format-standard","hentry","category-policiales","tag-cuidado","tag-hermana","tag-madre","tag-menor","tag-padre","tag-policia","tag-postrada","tag-santiago-del-estero","tag-violada"],"_links":{"self":[{"href":"https:\/\/www.elsindical.com.ar\/notas\/wp-json\/wp\/v2\/posts\/30203","targetHints":{"allow":["GET"]}}],"collection":[{"href":"https:\/\/www.elsindical.com.ar\/notas\/wp-json\/wp\/v2\/posts"}],"about":[{"href":"https:\/\/www.elsindical.com.ar\/notas\/wp-json\/wp\/v2\/types\/post"}],"author":[{"embeddable":true,"href":"https:\/\/www.elsindical.com.ar\/notas\/wp-json\/wp\/v2\/users\/1"}],"replies":[{"embeddable":true,"href":"https:\/\/www.elsindical.com.ar\/notas\/wp-json\/wp\/v2\/comments?post=30203"}],"version-history":[{"count":1,"href":"https:\/\/www.elsindical.com.ar\/notas\/wp-json\/wp\/v2\/posts\/30203\/revisions"}],"predecessor-version":[{"id":30204,"href":"https:\/\/www.elsindical.com.ar\/notas\/wp-json\/wp\/v2\/posts\/30203\/revisions\/30204"}],"wp:attachment":[{"href":"https:\/\/www.elsindical.com.ar\/notas\/wp-json\/wp\/v2\/media?parent=30203"}],"wp:term":[{"taxonomy":"category","embeddable":true,"href":"https:\/\/www.elsindical.com.ar\/notas\/wp-json\/wp\/v2\/categories?post=30203"},{"taxonomy":"post_tag","embeddable":true,"href":"https:\/\/www.elsindical.com.ar\/notas\/wp-json\/wp\/v2\/tags?post=30203"}],"curies":[{"name":"wp","href":"https:\/\/api.w.org\/{rel}","templated":true}]}}