{"id":30164,"date":"2012-11-28T19:17:15","date_gmt":"2012-11-28T22:17:15","guid":{"rendered":"http:\/\/www.elsindical.com.ar\/notas\/?p=30164"},"modified":"2012-11-28T19:17:15","modified_gmt":"2012-11-28T22:17:15","slug":"saladilloun-embarazo-perdido-un-suicidio-y-una-venganza","status":"publish","type":"post","link":"https:\/\/www.elsindical.com.ar\/notas\/saladilloun-embarazo-perdido-un-suicidio-y-una-venganza\/","title":{"rendered":"Saladillo:Un embarazo perdido, un suicidio y una venganza"},"content":{"rendered":"<p style=\"text-align: justify;\"><em><a href=\"http:\/\/www.elsindical.com.ar\/notas\/var\/www\/html\/notas\/wp-content\/uploads\/2012\/11\/Ruth-Jim\u00e9nez.jpg\"><img loading=\"lazy\" decoding=\"async\" class=\"alignleft size-medium wp-image-30165\" title=\"Ruth-Jim\u00e9nez\" src=\"http:\/\/www.elsindical.com.ar\/notas\/var\/www\/html\/notas\/wp-content\/uploads\/2012\/11\/Ruth-Jim\u00e9nez-300x224.jpg\" alt=\"\" width=\"300\" height=\"224\" srcset=\"https:\/\/www.elsindical.com.ar\/notas\/var\/www\/html\/notas\/wp-content\/uploads\/2012\/11\/Ruth-Jim\u00e9nez-300x224.jpg 300w, https:\/\/www.elsindical.com.ar\/notas\/var\/www\/html\/notas\/wp-content\/uploads\/2012\/11\/Ruth-Jim\u00e9nez-400x300.jpg 400w, https:\/\/www.elsindical.com.ar\/notas\/var\/www\/html\/notas\/wp-content\/uploads\/2012\/11\/Ruth-Jim\u00e9nez.jpg 502w\" sizes=\"auto, (max-width: 300px) 100vw, 300px\" \/><\/a>La <strong>hermana<\/strong> de la adolescente violada el fin de semana pasado cont\u00f3 el <strong>duro trance<\/strong> psicol\u00f3gico que atravesaba <strong>Agustina<\/strong>. Adem\u00e1s asegur\u00f3 que el ataque fue una<strong> represalia <\/strong>y se\u00f1al\u00f3 que el<strong> agresor <\/strong>est\u00e1 <strong>dentro del c\u00edrculo <\/strong><strong>de amistades<\/strong>.<\/em><\/p>\n<div style=\"text-align: justify;\">\n<p>El caso que conmueve a Saladillo sum\u00f3 un nuevo testimonio que aport\u00f3 datos del momento que viv\u00eda <strong>Agustina Nahir Jim\u00e9nez<\/strong>, la chica de 14 a\u00f1os que fue golpeada y violada.<\/p>\n<p><strong>Ruth<\/strong> es hermana de la joven que sigue internada en estado delicado y en declaraciones a la prensa asegur\u00f3 que todo lo que sucedi\u00f3 \u00ab<strong>fue una venganza<\/strong>\u00ab, motivada por una supuesta relaci\u00f3n sentimental que su hermana mantuvo con un <strong>joven<\/strong> que el \u00faltimo<strong> viernes se suicid\u00f3<\/strong> en su casa de la ciudad de Saladillo.<\/p>\n<p>\u00abDesde un primer momento se dijo que el chico se mat\u00f3 por culpa de mi hermana. Pero<strong> no ten\u00edan una relaci\u00f3n seria<\/strong>, por m\u00e1s que hubieran discutido o se hubieran separado, tendr\u00eda que estar muy loco para suicidarse por una chica de 14 a\u00f1os\u00bb, dijo la mujer.<\/p>\n<p>Adem\u00e1s, agreg\u00f3 que <strong>tanto ella como su familia no estaban al tanto de esa relaci\u00f3n<\/strong> y que fue la propia adolescente quien se lo cont\u00f3 el viernes \u00faltimo tras conocerse el suicidio de ese joven.<\/p>\n<p><strong>\u00abMi hermana no estaba asustada. Estaba bajoneada<\/strong>\u00ab, asegur\u00f3 Ruth, quien agreg\u00f3 que la adolescente \u00abhab\u00eda sido amenazada por (la red social) Facebook\u00bb, pero aclar\u00f3 que esas amenazas las hab\u00edan realizado los amigos, quienes despu\u00e9s las borraron.<\/p>\n<p>El<strong> \u00fanico joven detenido<\/strong> por el hecho es un <strong>amigo<\/strong> de ese <strong>muchacho<\/strong> que se <strong>suicid\u00f3<\/strong>, a su vez novio de una de las amigas de la adolescente golpeada, explic\u00f3 la mujer.<\/p>\n<p>\u00abDesde un principio dije que <strong>no fue una simple golpiza<\/strong>, mi hermana est\u00e1 muy <strong>traumatizada<\/strong>. Fue alguien que la conoce. Mi hermana no tiene da\u00f1o cerebral, as\u00ed que <strong>cuando reaccione, cuando despierte, va a contar todo<\/strong>\u00ab, afirm\u00f3.<\/p>\n<p>\u00ab<strong>Siempre dije que el agresor est\u00e1 dentro del c\u00edrculo de amistades de Agustina<\/strong>\u00ab, remarc\u00f3 Ruth, quien revel\u00f3 que \u00abhace cuatro o cinco meses <strong>mi hermana perdi\u00f3 un embarazo de siete meses<\/strong>, por lo que estaba<strong> trat\u00e1ndose psicol\u00f3gicamente<\/strong> porque le cost\u00f3 mucho salir adelante\u00bb.<\/p>\n<p>Para la mujer, no hay dudas de que \u00ab<strong>se trat\u00f3 de un ataque sexual<\/strong>\u00ab, y critic\u00f3 a las amigas de su hermana, de quienes dijo que \u00abse contradijeron todo el tiempo\u00bb, y agreg\u00f3 que \u00abla \u00faltima que estuvo con Agustina es la novia del detenido\u00bb.<\/p>\n<p>Adem\u00e1s, Ruth <strong>cuestion\u00f3<\/strong> al Fiscal del caso,<strong> Alberto Sarramone<\/strong>, de quien dijo que no est\u00e1 de acuerdo \u00abcon algunas declaraciones que hizo, por ejemplo, que mi hermana no estaba desnuda cuando en realidad estaba desnuda de la cintura para abajo\u00bb.<\/p>\n<p>Finalmente, la mujer <strong>descart\u00f3<\/strong> la hip\u00f3tesis de que exista un \u00ab<strong>psic\u00f3pata serial<\/strong>\u00ab, tal como lo hab\u00eda afirmado ayer el fiscal, ya que dijo que \u00ablos casos anteriores no se relacionan en nada\u00bb con los de su hermana. \u00abLas chicas que fueron golpeadas no se conocen\u00bb, afirm\u00f3 la mujer.<\/p>\n<\/div>\n","protected":false},"excerpt":{"rendered":"<p>La hermana de la adolescente violada el fin de semana pasado cont\u00f3 el duro trance psicol\u00f3gico que atravesaba Agustina. Adem\u00e1s asegur\u00f3 que el ataque fue una represalia y se\u00f1al\u00f3 que el agresor est\u00e1 dentro del c\u00edrculo de amistades. El caso que conmueve a Saladillo sum\u00f3 un nuevo testimonio que aport\u00f3 datos del momento que viv\u00eda&hellip;<\/p>\n","protected":false},"author":1,"featured_media":0,"comment_status":"open","ping_status":"open","sticky":false,"template":"","format":"standard","meta":{"footnotes":""},"categories":[25],"tags":[13925,57,5645,3597,13941,13940,10693,522,4571,271],"class_list":["post-30164","post","type-post","status-publish","format-standard","hentry","category-sociedad","tag-agustina-nahir-jimenez","tag-embarazo","tag-hermana","tag-novio","tag-psiologico","tag-ruth-jimenez","tag-saladillo","tag-suicidio","tag-venganza","tag-violacion"],"_links":{"self":[{"href":"https:\/\/www.elsindical.com.ar\/notas\/wp-json\/wp\/v2\/posts\/30164","targetHints":{"allow":["GET"]}}],"collection":[{"href":"https:\/\/www.elsindical.com.ar\/notas\/wp-json\/wp\/v2\/posts"}],"about":[{"href":"https:\/\/www.elsindical.com.ar\/notas\/wp-json\/wp\/v2\/types\/post"}],"author":[{"embeddable":true,"href":"https:\/\/www.elsindical.com.ar\/notas\/wp-json\/wp\/v2\/users\/1"}],"replies":[{"embeddable":true,"href":"https:\/\/www.elsindical.com.ar\/notas\/wp-json\/wp\/v2\/comments?post=30164"}],"version-history":[{"count":1,"href":"https:\/\/www.elsindical.com.ar\/notas\/wp-json\/wp\/v2\/posts\/30164\/revisions"}],"predecessor-version":[{"id":30166,"href":"https:\/\/www.elsindical.com.ar\/notas\/wp-json\/wp\/v2\/posts\/30164\/revisions\/30166"}],"wp:attachment":[{"href":"https:\/\/www.elsindical.com.ar\/notas\/wp-json\/wp\/v2\/media?parent=30164"}],"wp:term":[{"taxonomy":"category","embeddable":true,"href":"https:\/\/www.elsindical.com.ar\/notas\/wp-json\/wp\/v2\/categories?post=30164"},{"taxonomy":"post_tag","embeddable":true,"href":"https:\/\/www.elsindical.com.ar\/notas\/wp-json\/wp\/v2\/tags?post=30164"}],"curies":[{"name":"wp","href":"https:\/\/api.w.org\/{rel}","templated":true}]}}