{"id":30160,"date":"2012-11-28T19:11:48","date_gmt":"2012-11-28T22:11:48","guid":{"rendered":"http:\/\/www.elsindical.com.ar\/notas\/?p=30160"},"modified":"2012-11-28T19:11:48","modified_gmt":"2012-11-28T22:11:48","slug":"en-la-ciudad-de-buenos-aires-la-tasa-de-homicidios-crecio-un-131-en-2011-y-afecto-mas-la-zona-sur","status":"publish","type":"post","link":"https:\/\/www.elsindical.com.ar\/notas\/en-la-ciudad-de-buenos-aires-la-tasa-de-homicidios-crecio-un-131-en-2011-y-afecto-mas-la-zona-sur\/","title":{"rendered":"En La Ciudad de Buenos Aires, la tasa de homicidios creci\u00f3 un 13,1% en 2011 y afect\u00f3 m\u00e1s la zona sur"},"content":{"rendered":"<p style=\"text-align: justify;\"><em><a href=\"http:\/\/www.elsindical.com.ar\/notas\/var\/www\/html\/notas\/wp-content\/uploads\/2012\/11\/delitos-por-comuna.jpg\"><img loading=\"lazy\" decoding=\"async\" class=\"alignleft size-medium wp-image-30161\" title=\"delitos-por-comuna\" src=\"http:\/\/www.elsindical.com.ar\/notas\/var\/www\/html\/notas\/wp-content\/uploads\/2012\/11\/delitos-por-comuna-300x224.jpg\" alt=\"\" width=\"300\" height=\"224\" srcset=\"https:\/\/www.elsindical.com.ar\/notas\/var\/www\/html\/notas\/wp-content\/uploads\/2012\/11\/delitos-por-comuna-300x224.jpg 300w, https:\/\/www.elsindical.com.ar\/notas\/var\/www\/html\/notas\/wp-content\/uploads\/2012\/11\/delitos-por-comuna-400x300.jpg 400w, https:\/\/www.elsindical.com.ar\/notas\/var\/www\/html\/notas\/wp-content\/uploads\/2012\/11\/delitos-por-comuna.jpg 502w\" sizes=\"auto, (max-width: 300px) 100vw, 300px\" \/><\/a>El Instituto de Investigaciones de la Corte Suprema dio a conocer las estad\u00edsticas de delitos donde la muerte de la v\u00edctima <strong>pas\u00f3 de 168 a 190.<\/strong> Las <strong>villas de emergencia son las m\u00e1s castigadas<\/strong>. No asistieron <strong>Alak ni Garr\u00e9<\/strong>.<\/em><\/p>\n<div style=\"text-align: justify;\">\n<p>Cuando la tasa vegetativa promedio en el pa\u00eds es de <strong>1%, en la Ciudad los homicidios dolosos crecieron en 2011 al 13,1% con relaci\u00f3n a 2010<\/strong>, seg\u00fan un trabajo presentado hoy por los ministros de la Corte Suprema de Justicia, <strong>Ricardo Lorenzetti y Eugenio Zaffaroni<\/strong>.<\/p>\n<p>\u201cSe ha podido confirmar que la zona que agrupa la mayor cantidad de homicidios dolosos (intencional) es la perteneciente al sector sur de la Ciudad a la que se le ha agregado la zona de los barrios de emergencia de <strong>Retiro (Villa 31-31bis)\u201d,<\/strong> se\u00f1ala el informe del Instituto de Investigaciones de la Corte en sus conclusiones.<\/p>\n<p>La cantidad de v\u00edctimas en <strong>2011 ascendi\u00f3 a 190 cuando en el a\u00f1o anterior fue de 168, de los cuales 163<\/strong> correspondieron a hombres y 27 a mujeres.<\/p>\n<p>El trabajo ha sido presentado por Zaffaroni y, si bien estaban invitados los ministros Julio Alak (Justicia) y Nilda Garr\u00e9 (Seguridad), no asistieron al evento.<\/p>\n<p>Seg\u00fan el pensamiento de Zaffaroni, la Argentina \u201cen la actualidad no registra cifras alarmantes de criminalidad en relaci\u00f3n con las de la regi\u00f3n. Sin embargo, no se han realizado tareas de investigaci\u00f3n criminol\u00f3gica de campo que nos permita identificar las caracter\u00edsticas y causas del delito\u201d.<\/p>\n<p>El trabajo refleja que la <strong>zona A (comunas de mayor densidad poblacional que alberga a las villas de la zona sur con la 1.11.14, entre otras) concentra el 73 % de los homicidios.<\/strong><\/p>\n<p>El instituto presta atenci\u00f3n a los extranjeros, ya que, de acuerdo a la muestra, hay una \u201csobrerrepresentaci\u00f3n de ellos en la categor\u00eda victimal y su menor incidencia en la posici\u00f3n de victimario\u201d.<\/p>\n<p>El operativo \u201cCintur\u00f3n Sur\u201d que despleg\u00f3 la ministra Garr\u00e9 en la zona sur habr\u00eda resultado en un n\u00famero menor de muertes, seg\u00fan el estudio. \u201cMientras que en la comuna 8 se registraron 23 homicidios dolosos durante el primer semestre del a\u00f1o pasado, en el segundo, tan s\u00f3lo 4\u201d, afirma.<\/p>\n<p><strong>Y en la villa de Retiro, donde no se design\u00f3 un operativo concreto, las muertes pasaron de 15 a 18.<\/strong><\/p>\n<p>En la categor\u00eda de delitos, los delincuentes prefieren actuar los domingos y los lunes. Y el 58% actu\u00f3 con armas de fuego.<\/p>\n<\/div>\n","protected":false},"excerpt":{"rendered":"<p>El Instituto de Investigaciones de la Corte Suprema dio a conocer las estad\u00edsticas de delitos donde la muerte de la v\u00edctima pas\u00f3 de 168 a 190. Las villas de emergencia son las m\u00e1s castigadas. No asistieron Alak ni Garr\u00e9. Cuando la tasa vegetativa promedio en el pa\u00eds es de 1%, en la Ciudad los homicidios&hellip;<\/p>\n","protected":false},"author":1,"featured_media":0,"comment_status":"open","ping_status":"open","sticky":false,"template":"","format":"standard","meta":{"footnotes":""},"categories":[25],"tags":[733,9969,1726,5366,4810],"class_list":["post-30160","post","type-post","status-publish","format-standard","hentry","category-sociedad","tag-corte-suprema","tag-eugenio-zaffaroni","tag-julio-alak","tag-nilda-garre","tag-ricardo-lorenzetti"],"_links":{"self":[{"href":"https:\/\/www.elsindical.com.ar\/notas\/wp-json\/wp\/v2\/posts\/30160","targetHints":{"allow":["GET"]}}],"collection":[{"href":"https:\/\/www.elsindical.com.ar\/notas\/wp-json\/wp\/v2\/posts"}],"about":[{"href":"https:\/\/www.elsindical.com.ar\/notas\/wp-json\/wp\/v2\/types\/post"}],"author":[{"embeddable":true,"href":"https:\/\/www.elsindical.com.ar\/notas\/wp-json\/wp\/v2\/users\/1"}],"replies":[{"embeddable":true,"href":"https:\/\/www.elsindical.com.ar\/notas\/wp-json\/wp\/v2\/comments?post=30160"}],"version-history":[{"count":2,"href":"https:\/\/www.elsindical.com.ar\/notas\/wp-json\/wp\/v2\/posts\/30160\/revisions"}],"predecessor-version":[{"id":30163,"href":"https:\/\/www.elsindical.com.ar\/notas\/wp-json\/wp\/v2\/posts\/30160\/revisions\/30163"}],"wp:attachment":[{"href":"https:\/\/www.elsindical.com.ar\/notas\/wp-json\/wp\/v2\/media?parent=30160"}],"wp:term":[{"taxonomy":"category","embeddable":true,"href":"https:\/\/www.elsindical.com.ar\/notas\/wp-json\/wp\/v2\/categories?post=30160"},{"taxonomy":"post_tag","embeddable":true,"href":"https:\/\/www.elsindical.com.ar\/notas\/wp-json\/wp\/v2\/tags?post=30160"}],"curies":[{"name":"wp","href":"https:\/\/api.w.org\/{rel}","templated":true}]}}