{"id":30153,"date":"2012-11-28T17:14:11","date_gmt":"2012-11-28T20:14:11","guid":{"rendered":"http:\/\/www.elsindical.com.ar\/notas\/?p=30153"},"modified":"2012-11-28T17:14:11","modified_gmt":"2012-11-28T20:14:11","slug":"santa-fehallan-agonizando-a-una-mujer-semidesnuda-quien-murio-en-el-hospital","status":"publish","type":"post","link":"https:\/\/www.elsindical.com.ar\/notas\/santa-fehallan-agonizando-a-una-mujer-semidesnuda-quien-murio-en-el-hospital\/","title":{"rendered":"Santa Fe:Hallan agonizando a una mujer semidesnuda quien muri\u00f3 en el hospital"},"content":{"rendered":"<p style=\"text-align: justify;\"><em><a href=\"http:\/\/www.elsindical.com.ar\/notas\/var\/www\/html\/notas\/wp-content\/uploads\/2012\/11\/homicidio-Santa-Fe.jpg\"><img loading=\"lazy\" decoding=\"async\" class=\"alignleft size-medium wp-image-30154\" title=\"homicidio-Santa-Fe\" src=\"http:\/\/www.elsindical.com.ar\/notas\/var\/www\/html\/notas\/wp-content\/uploads\/2012\/11\/homicidio-Santa-Fe-300x203.jpg\" alt=\"\" width=\"300\" height=\"203\" srcset=\"https:\/\/www.elsindical.com.ar\/notas\/var\/www\/html\/notas\/wp-content\/uploads\/2012\/11\/homicidio-Santa-Fe-300x203.jpg 300w, https:\/\/www.elsindical.com.ar\/notas\/var\/www\/html\/notas\/wp-content\/uploads\/2012\/11\/homicidio-Santa-Fe-441x300.jpg 441w, https:\/\/www.elsindical.com.ar\/notas\/var\/www\/html\/notas\/wp-content\/uploads\/2012\/11\/homicidio-Santa-Fe.jpg 443w\" sizes=\"auto, (max-width: 300px) 100vw, 300px\" \/><\/a>La joven de 23 a\u00f1os presentaba golpes y cortes de arma blanca en todo su cuerpo. Fue hallada por efectivos policiales, que la trasladaron a una hospital, donde finalmente muri\u00f3<\/em>.<\/p>\n<p style=\"text-align: justify;\">Hoy, minutos despu\u00e9s de las cinco y media de la madrugada, agentes del cuerpo guardia de infanter\u00eda CGI de la agrupaci\u00f3n Cuerpos de la UR 1\u00aa La Capital, que patrullaban la zona sur de la capital provincial santafesina, hallaron a una mujer tirada en el piso, en pa\u00f1os menores, bestialmente golpeada, cortada y apu\u00f1alada, y en medio de un charco de sangre.<\/p>\n<p style=\"text-align: justify;\">La v\u00edctima fue trasladada al hospital Jos\u00e9 Mar\u00eda Cullen de la ciudad de Santa Fe, y recibida por los m\u00e9dicos en shock room, pero falleci\u00f3 minutos despu\u00e9s de su ingreso. Presentaba hematomas compatibles con golpes violentos, cortes y pu\u00f1aladas en diversas partes del cuerpo, que a primera vista y luego de un sencillo an\u00e1lisis biomec\u00e1nico sugieren que resisti\u00f3 el embate de sus agresores. La cuesti\u00f3n fue corroborada profesionalmente tanto por los m\u00e9dicos del hospital Cullen como por el galeno de la repartici\u00f3n policial.<\/p>\n<p style=\"text-align: justify;\">Est\u00e1n siendo hechos en estos momentos por agentes de la Polic\u00eda Cient\u00edfica en el lugar del hallazgo de la v\u00edctima, que es la esquina del cantero central que forman la avenida J. J. Paso y calle 1\u00aa de Mayo: Los polic\u00edas responsables del procedimiento identificaron a la agredida como\u00a0 Teresa Cardozo de 23 a\u00f1os, en las condiciones descriptas y con las consecuencias apuntadas. A\u00fan no hay detenidos y pesquisas policiales de la divisi\u00f3n Homicidios investigan el caso con conocimiento del Juez penal en turno.<\/p>\n<p style=\"text-align: justify;\">El jefe de la agrupaci\u00f3n Cuerpos, Comisario Principal Sergio Fern\u00e1ndez y el de la divisi\u00f3n Homicidios Subcomisario Carlos Honorat, ambos de la UR 1\u00aa La Capital junto con los agentes de la Polic\u00eda Cient\u00edfica recorrieron el derrotero probable de la v\u00edctima, ya que los indelebles vestigios de las gotas de sangre que comenzaron a caer en el interior del parque Sur de Santa Fe, siguieron el camino de una escalera que d\u00e1 sobre calle 1\u00aa de Mayo unos 30 metros al oeste de la avenida J. J. Paso, y descienden hasta los pastizales propiamente dichos, adonde los indicios marcan que pudo existir una pelea y la f\u00e9rrea resistencia de la mujer que intent\u00f3 eludir a sus agresores, hasta que finalmente malherida lleg\u00f3 hasta el cantero central de la avenida J. J. Paso en su intersecci\u00f3n con calle 1\u00aa de Mayo, se desplom\u00f3, y luego fue hallada por los agentes policiales del cuerpo guardia de infanter\u00eda CGI, que la traslaron hasta el hospital Cullen.<\/p>\n<p style=\"text-align: justify;\">Casi al mediod\u00eda, agentes de la Polic\u00eda Cient\u00edfica y de la divisi\u00f3n Homicidios, todos de la UR 1\u00aa La Capital, secuestraron una zapatilla y una calza que se presume que pertenecieron a la mujer asesinada, y es material considerado vital para desentra\u00f1ar como se produjo la acci\u00f3n y cuantas personas fueron las que atacaron simult\u00e1neamente a Teresa Cardozo de 23 a\u00f1os.<\/p>\n<p style=\"text-align: justify;\"><em><strong>Fuente:Uno.com y agencias<\/strong><\/em><\/p>\n","protected":false},"excerpt":{"rendered":"<p>La joven de 23 a\u00f1os presentaba golpes y cortes de arma blanca en todo su cuerpo. Fue hallada por efectivos policiales, que la trasladaron a una hospital, donde finalmente muri\u00f3. Hoy, minutos despu\u00e9s de las cinco y media de la madrugada, agentes del cuerpo guardia de infanter\u00eda CGI de la agrupaci\u00f3n Cuerpos de la UR&hellip;<\/p>\n","protected":false},"author":1,"featured_media":0,"comment_status":"open","ping_status":"open","sticky":false,"template":"","format":"standard","meta":{"footnotes":""},"categories":[22],"tags":[1048,13935,13933,13937,6873,323,3988,609,13936,13932,13934],"class_list":["post-30153","post","type-post","status-publish","format-standard","hentry","category-policiales","tag-asesinada","tag-comisario-principal-sergio-fernandez","tag-cortada","tag-division-homicidios","tag-golpeada","tag-joven","tag-policia-cientifica","tag-santa-fe","tag-subcomisario-carlos-honorat","tag-teresa-cardozo","tag-ur1"],"_links":{"self":[{"href":"https:\/\/www.elsindical.com.ar\/notas\/wp-json\/wp\/v2\/posts\/30153","targetHints":{"allow":["GET"]}}],"collection":[{"href":"https:\/\/www.elsindical.com.ar\/notas\/wp-json\/wp\/v2\/posts"}],"about":[{"href":"https:\/\/www.elsindical.com.ar\/notas\/wp-json\/wp\/v2\/types\/post"}],"author":[{"embeddable":true,"href":"https:\/\/www.elsindical.com.ar\/notas\/wp-json\/wp\/v2\/users\/1"}],"replies":[{"embeddable":true,"href":"https:\/\/www.elsindical.com.ar\/notas\/wp-json\/wp\/v2\/comments?post=30153"}],"version-history":[{"count":1,"href":"https:\/\/www.elsindical.com.ar\/notas\/wp-json\/wp\/v2\/posts\/30153\/revisions"}],"predecessor-version":[{"id":30155,"href":"https:\/\/www.elsindical.com.ar\/notas\/wp-json\/wp\/v2\/posts\/30153\/revisions\/30155"}],"wp:attachment":[{"href":"https:\/\/www.elsindical.com.ar\/notas\/wp-json\/wp\/v2\/media?parent=30153"}],"wp:term":[{"taxonomy":"category","embeddable":true,"href":"https:\/\/www.elsindical.com.ar\/notas\/wp-json\/wp\/v2\/categories?post=30153"},{"taxonomy":"post_tag","embeddable":true,"href":"https:\/\/www.elsindical.com.ar\/notas\/wp-json\/wp\/v2\/tags?post=30153"}],"curies":[{"name":"wp","href":"https:\/\/api.w.org\/{rel}","templated":true}]}}