{"id":30085,"date":"2012-11-28T01:05:57","date_gmt":"2012-11-28T04:05:57","guid":{"rendered":"http:\/\/www.elsindical.com.ar\/notas\/?p=30085"},"modified":"2012-11-28T01:05:57","modified_gmt":"2012-11-28T04:05:57","slug":"jueces-pueden-declarar-de-oficio-la-inconstitucionalidad-de-una-ley-segun-la-corte","status":"publish","type":"post","link":"https:\/\/www.elsindical.com.ar\/notas\/jueces-pueden-declarar-de-oficio-la-inconstitucionalidad-de-una-ley-segun-la-corte\/","title":{"rendered":"Jueces pueden declarar de oficio la inconstitucionalidad de una ley, seg\u00fan la Corte"},"content":{"rendered":"<p style=\"text-align: justify;\"><em><a href=\"http:\/\/www.elsindical.com.ar\/notas\/var\/www\/html\/notas\/wp-content\/uploads\/2010\/05\/martillo-juez.jpg\"><img loading=\"lazy\" decoding=\"async\" class=\"alignleft size-full wp-image-6630\" title=\"martillo-juez\" src=\"http:\/\/www.elsindical.com.ar\/notas\/var\/www\/html\/notas\/wp-content\/uploads\/2010\/05\/martillo-juez.jpg\" alt=\"\" width=\"198\" height=\"198\" srcset=\"https:\/\/www.elsindical.com.ar\/notas\/var\/www\/html\/notas\/wp-content\/uploads\/2010\/05\/martillo-juez.jpg 198w, https:\/\/www.elsindical.com.ar\/notas\/var\/www\/html\/notas\/wp-content\/uploads\/2010\/05\/martillo-juez-150x150.jpg 150w\" sizes=\"auto, (max-width: 198px) 100vw, 198px\" \/><\/a>As\u00ed se desprende de un fallo emitido este martes por el m\u00e1ximo tribunal de la Naci\u00f3n. A partir de esto, <strong>los tribunales inferiores podr\u00e1n, dentro de su jurisdicci\u00f3n, intervenir al respecto<\/strong>.<\/em><\/p>\n<p style=\"text-align: justify;\">El m\u00e1ximo tribunal de Justica emiti\u00f3 una resoluci\u00f3n este martes en la que \u201cadmite la posibilidad de que los jueces puedan <strong>declarar de oficio<\/strong> la inconstitucionalidad de una ley\u201d, sea federal, nacional o local, e incluso decretos.<\/p>\n<p style=\"text-align: justify;\">Seg\u00fan explica el Centro de Informaci\u00f3n Judicial (CIJ), esta decisi\u00f3n \u201cfortalece la independencia del Poder Judicial al permitir a los jueces <strong>ampliar el control constitucional de los actos<\/strong> realizados por los otros poderes del Estado\u201d.<\/p>\n<p style=\"text-align: justify;\">La decisi\u00f3n de la Corte Suprema \u201crecoge las demandas de la doctrina constitucional de avanzada que pregona un amplio control de constitucionalidad para defender los derechos individuales ante el avasallamiento del Estado.<\/p>\n<p style=\"text-align: justify;\">La decisi\u00f3n se tom\u00f3 a ra\u00edz del an\u00e1lisis que se hizo del caso de un conscripto que hab\u00eda reclamado una indemnizaci\u00f3n con sustento en los art\u00edculos 1109 y 1113 del C\u00f3digo Civil contra el Estado Nacional por las lesiones que sufri\u00f3 mientras cumpl\u00eda con el servicio militar obligatorio.<\/p>\n","protected":false},"excerpt":{"rendered":"<p>As\u00ed se desprende de un fallo emitido este martes por el m\u00e1ximo tribunal de la Naci\u00f3n. A partir de esto, los tribunales inferiores podr\u00e1n, dentro de su jurisdicci\u00f3n, intervenir al respecto. El m\u00e1ximo tribunal de Justica emiti\u00f3 una resoluci\u00f3n este martes en la que \u201cadmite la posibilidad de que los jueces puedan declarar de oficio&hellip;<\/p>\n","protected":false},"author":1,"featured_media":0,"comment_status":"open","ping_status":"open","sticky":false,"template":"","format":"standard","meta":{"footnotes":""},"categories":[20],"tags":[733,2542,13631,1056,5054],"class_list":["post-30085","post","type-post","status-publish","format-standard","hentry","category-judiciales","tag-corte-suprema","tag-fallos","tag-inconstitucionalidad","tag-jueces","tag-oficio"],"_links":{"self":[{"href":"https:\/\/www.elsindical.com.ar\/notas\/wp-json\/wp\/v2\/posts\/30085","targetHints":{"allow":["GET"]}}],"collection":[{"href":"https:\/\/www.elsindical.com.ar\/notas\/wp-json\/wp\/v2\/posts"}],"about":[{"href":"https:\/\/www.elsindical.com.ar\/notas\/wp-json\/wp\/v2\/types\/post"}],"author":[{"embeddable":true,"href":"https:\/\/www.elsindical.com.ar\/notas\/wp-json\/wp\/v2\/users\/1"}],"replies":[{"embeddable":true,"href":"https:\/\/www.elsindical.com.ar\/notas\/wp-json\/wp\/v2\/comments?post=30085"}],"version-history":[{"count":2,"href":"https:\/\/www.elsindical.com.ar\/notas\/wp-json\/wp\/v2\/posts\/30085\/revisions"}],"predecessor-version":[{"id":30087,"href":"https:\/\/www.elsindical.com.ar\/notas\/wp-json\/wp\/v2\/posts\/30085\/revisions\/30087"}],"wp:attachment":[{"href":"https:\/\/www.elsindical.com.ar\/notas\/wp-json\/wp\/v2\/media?parent=30085"}],"wp:term":[{"taxonomy":"category","embeddable":true,"href":"https:\/\/www.elsindical.com.ar\/notas\/wp-json\/wp\/v2\/categories?post=30085"},{"taxonomy":"post_tag","embeddable":true,"href":"https:\/\/www.elsindical.com.ar\/notas\/wp-json\/wp\/v2\/tags?post=30085"}],"curies":[{"name":"wp","href":"https:\/\/api.w.org\/{rel}","templated":true}]}}