{"id":29978,"date":"2012-11-26T14:42:20","date_gmt":"2012-11-26T17:42:20","guid":{"rendered":"http:\/\/www.elsindical.com.ar\/notas\/?p=29978"},"modified":"2012-11-26T14:42:20","modified_gmt":"2012-11-26T17:42:20","slug":"santa-feasesinan-a-tres-jovenes-en-rosario-uno-de-ellos-menor-de-edad","status":"publish","type":"post","link":"https:\/\/www.elsindical.com.ar\/notas\/santa-feasesinan-a-tres-jovenes-en-rosario-uno-de-ellos-menor-de-edad\/","title":{"rendered":"Santa Fe:Asesinan a tres j\u00f3venes en Rosario, uno de ellos menor de edad"},"content":{"rendered":"<div id=\"bajada\" style=\"text-align: justify;\">\n<p><em><a href=\"http:\/\/www.elsindical.com.ar\/notas\/var\/www\/html\/notas\/wp-content\/uploads\/2010\/07\/disparo-pistola.jpg\"><img loading=\"lazy\" decoding=\"async\" class=\"alignleft size-full wp-image-7924\" title=\"disparo-pistola\" src=\"http:\/\/www.elsindical.com.ar\/notas\/var\/www\/html\/notas\/wp-content\/uploads\/2010\/07\/disparo-pistola.jpg\" alt=\"\" width=\"227\" height=\"191\" \/><\/a>El pasado domingo por la noche, en Rosario, un joven de 17 a\u00f1os fue asesinado a balazos. M\u00e1s tarde, los amigos de la v\u00edctima fueron a buscar a los agresores, los encontraron y comenzaron a los tiros, ultimando a dos de ellos, de 16 y 22. Hay un detenido. Todos los involucrados tienen frondoso prontuario delictivo.<\/em><\/p>\n<\/div>\n<div id=\"texto\" style=\"text-align: justify;\">\n<p>Un asesinato a sangre fr\u00eda y su venganza a los tiros por parte de los amigos de la v\u00edctima fatal dej\u00f3 tres muertos en el barrio Las Flores, en el sur de Rosario, el pasado domingo a la noche.<\/p>\n<p>Pasadas las 20:00 hs., un chico de 17 a\u00f1os fue acribillado a metros de la calle Espa\u00f1a al 6.300. M\u00e1s tarde, los amigos de la v\u00edctima fueron a buscar a los agresores, los encontraron a pocas cuadras de la escena del crimen y comenzaron con el tiroteo que dej\u00f3 dos muertos de 16 y 22.<\/p>\n<p>Tras los cr\u00edmenes, personal de la subcomisar\u00eda 19na. y de la secci\u00f3n Homicidios de la Unidad Regional II detuvieron a un joven de 18 a\u00f1os apodado <em>Chuky<\/em>.<\/p>\n<p>Seg\u00fan las fuentes policiales, los muertos y el detenido ten\u00edan frondoso prontuario delictivo.<\/p>\n<\/div>\n","protected":false},"excerpt":{"rendered":"<p>El pasado domingo por la noche, en Rosario, un joven de 17 a\u00f1os fue asesinado a balazos. M\u00e1s tarde, los amigos de la v\u00edctima fueron a buscar a los agresores, los encontraron y comenzaron a los tiros, ultimando a dos de ellos, de 16 y 22. Hay un detenido. Todos los involucrados tienen frondoso prontuario&hellip;<\/p>\n","protected":false},"author":1,"featured_media":0,"comment_status":"open","ping_status":"open","sticky":false,"template":"","format":"standard","meta":{"footnotes":""},"categories":[22],"tags":[1550,13853,91,378,30,13472,2208,609,238],"class_list":["post-29978","post","type-post","status-publish","format-standard","hentry","category-policiales","tag-antecedentes","tag-chuky","tag-detenido","tag-jovenes","tag-policia","tag-prontuario","tag-rosario","tag-santa-fe","tag-tiroteo"],"_links":{"self":[{"href":"https:\/\/www.elsindical.com.ar\/notas\/wp-json\/wp\/v2\/posts\/29978","targetHints":{"allow":["GET"]}}],"collection":[{"href":"https:\/\/www.elsindical.com.ar\/notas\/wp-json\/wp\/v2\/posts"}],"about":[{"href":"https:\/\/www.elsindical.com.ar\/notas\/wp-json\/wp\/v2\/types\/post"}],"author":[{"embeddable":true,"href":"https:\/\/www.elsindical.com.ar\/notas\/wp-json\/wp\/v2\/users\/1"}],"replies":[{"embeddable":true,"href":"https:\/\/www.elsindical.com.ar\/notas\/wp-json\/wp\/v2\/comments?post=29978"}],"version-history":[{"count":1,"href":"https:\/\/www.elsindical.com.ar\/notas\/wp-json\/wp\/v2\/posts\/29978\/revisions"}],"predecessor-version":[{"id":29979,"href":"https:\/\/www.elsindical.com.ar\/notas\/wp-json\/wp\/v2\/posts\/29978\/revisions\/29979"}],"wp:attachment":[{"href":"https:\/\/www.elsindical.com.ar\/notas\/wp-json\/wp\/v2\/media?parent=29978"}],"wp:term":[{"taxonomy":"category","embeddable":true,"href":"https:\/\/www.elsindical.com.ar\/notas\/wp-json\/wp\/v2\/categories?post=29978"},{"taxonomy":"post_tag","embeddable":true,"href":"https:\/\/www.elsindical.com.ar\/notas\/wp-json\/wp\/v2\/tags?post=29978"}],"curies":[{"name":"wp","href":"https:\/\/api.w.org\/{rel}","templated":true}]}}