{"id":29933,"date":"2012-11-25T01:42:21","date_gmt":"2012-11-25T04:42:21","guid":{"rendered":"http:\/\/www.elsindical.com.ar\/notas\/?p=29933"},"modified":"2012-11-25T01:42:21","modified_gmt":"2012-11-25T04:42:21","slug":"que-pretenden-ocultar-la-asociacion-de-magistrados-y-funcionarios-de-la-justicia-nacional","status":"publish","type":"post","link":"https:\/\/www.elsindical.com.ar\/notas\/que-pretenden-ocultar-la-asociacion-de-magistrados-y-funcionarios-de-la-justicia-nacional\/","title":{"rendered":"\u00bfQu\u00e9 pretenden ocultar la Asociaci\u00f3n de Magistrados y Funcionarios de la Justicia Nacional?"},"content":{"rendered":"<p style=\"text-align: justify;\"><em><a href=\"http:\/\/www.elsindical.com.ar\/notas\/var\/www\/html\/notas\/wp-content\/uploads\/2012\/11\/Jueza-Gabriela-V\u00e1zquez.jpg\"><img loading=\"lazy\" decoding=\"async\" class=\"alignleft size-medium wp-image-29934\" title=\"Jueza-Gabriela-V\u00e1zquez\" src=\"http:\/\/www.elsindical.com.ar\/notas\/var\/www\/html\/notas\/wp-content\/uploads\/2012\/11\/Jueza-Gabriela-V\u00e1zquez-264x300.jpg\" alt=\"\" width=\"264\" height=\"300\" srcset=\"https:\/\/www.elsindical.com.ar\/notas\/var\/www\/html\/notas\/wp-content\/uploads\/2012\/11\/Jueza-Gabriela-V\u00e1zquez-264x300.jpg 264w, https:\/\/www.elsindical.com.ar\/notas\/var\/www\/html\/notas\/wp-content\/uploads\/2012\/11\/Jueza-Gabriela-V\u00e1zquez.jpg 443w\" sizes=\"auto, (max-width: 264px) 100vw, 264px\" \/><\/a>En un comunicado la Lista Celeste di\u00f3 a conocer, el rechazo a un pedido de informes para dar transparencia a la instituci\u00f3n:<\/em><\/p>\n<p style=\"text-align: justify;\">La Juez de C\u00e1mara Gabriela V\u00e1zquez solicit\u00f3, para contribuir a una mayor transparencia, informaci\u00f3n sobre los gastos e ingresos de la Asociaci\u00f3n de Magistrados y Funcionarios de la Justicia Nacional- AMFJN- y la solicitud fue rechazada. La integrante de la C\u00e1mara Nacional de Apelaciones del Trabajo y Consejera de la AMFJN pidi\u00f3 \u201c<strong>que antes de aprobarse el balance y la cuenta de gastos y recursos para el per\u00edodo 1\u00b0 de agosto 2011 a 31 de julio de 2012, se especificaran con mayor detalle las partidas denominadas: \u201cGastos actividad institucional\u201d (por $ 844.414,74) e \u201cIngresos varios\u201d (por $ 519.183,09); estos \u00faltimos reflejan donaciones de terceros (verbigracia y por hip\u00f3tesis: Ministerio de Justicia y Derechos Humanos, bancos oficiales, privados, compa\u00f1\u00edas de seguros, etc.)\u201d.<\/strong><\/p>\n<p style=\"text-align: justify;\">Desde la Lista Celeste de la AMFJN informaron que \u201c<strong>los representantes del espacio Bord\u00f3 \u2013 <\/strong>oficialismo en la AMFJN<strong> &#8211; se opusieron al pedido de la Dra. V\u00e1zquez argumentando que ello es innecesario. Al respecto, y en lo atinente a la transparencia, los representantes de la Lista Bord\u00f3 se\u00f1alaron que los Asociados pueden concurrir a la sede del ente a revisar la respectiva documentaci\u00f3n y que debe evitarse la exhibici\u00f3n de mayores datos en nuestro estado de cuentas, para resguardarnos de eventuales operaciones de prensa por las que se pretendiera atacar injustamente a la Asociaci\u00f3n\u201d.<\/strong><\/p>\n<p style=\"text-align: justify;\">Tambi\u00e9n la Lista Celeste de la AMFJN precis\u00f3 \u201c<strong>sin que implique objeci\u00f3n alguna a la legitimidad de los gastos e ingresos, ni al cumplimiento de las formalidades legales pertinentes, la LISTA CELESTE reafirma su compromiso de informar sobre la gesti\u00f3n con mayor TRANSPARENCIA para que los\/as Asociados\/as puedan tomar noticia del origen de los fondos que son fruto de donaciones y del destino especifico de todos los gastos, sin necesidad de concurrir a la Asociaci\u00f3n a realizar averiguaciones extra\u201d <\/strong>Tras la solicitud realizada por la Dra. Gabriela V\u00e1zquez, durante la reciente Asamblea General Ordinaria de la AMFJN, el Contador de la entidad se\u00f1al\u00f3 la <strong>\u201cfactibilidad pr\u00e1ctica\u201d <\/strong>de dar respuesta al requerimiento.<\/p>\n","protected":false},"excerpt":{"rendered":"<p>En un comunicado la Lista Celeste di\u00f3 a conocer, el rechazo a un pedido de informes para dar transparencia a la instituci\u00f3n: La Juez de C\u00e1mara Gabriela V\u00e1zquez solicit\u00f3, para contribuir a una mayor transparencia, informaci\u00f3n sobre los gastos e ingresos de la Asociaci\u00f3n de Magistrados y Funcionarios de la Justicia Nacional- AMFJN- y la&hellip;<\/p>\n","protected":false},"author":1,"featured_media":0,"comment_status":"open","ping_status":"open","sticky":false,"template":"","format":"standard","meta":{"footnotes":""},"categories":[6],"tags":[13830,12580,8934,3783,13831,284,13708],"class_list":["post-29933","post","type-post","status-publish","format-standard","hentry","category-denuncias","tag-amfjn","tag-donaciones","tag-gastos","tag-ingresos","tag-juez-de-camara-gabriela-vazquez","tag-partidas","tag-transparencia"],"_links":{"self":[{"href":"https:\/\/www.elsindical.com.ar\/notas\/wp-json\/wp\/v2\/posts\/29933","targetHints":{"allow":["GET"]}}],"collection":[{"href":"https:\/\/www.elsindical.com.ar\/notas\/wp-json\/wp\/v2\/posts"}],"about":[{"href":"https:\/\/www.elsindical.com.ar\/notas\/wp-json\/wp\/v2\/types\/post"}],"author":[{"embeddable":true,"href":"https:\/\/www.elsindical.com.ar\/notas\/wp-json\/wp\/v2\/users\/1"}],"replies":[{"embeddable":true,"href":"https:\/\/www.elsindical.com.ar\/notas\/wp-json\/wp\/v2\/comments?post=29933"}],"version-history":[{"count":1,"href":"https:\/\/www.elsindical.com.ar\/notas\/wp-json\/wp\/v2\/posts\/29933\/revisions"}],"predecessor-version":[{"id":29935,"href":"https:\/\/www.elsindical.com.ar\/notas\/wp-json\/wp\/v2\/posts\/29933\/revisions\/29935"}],"wp:attachment":[{"href":"https:\/\/www.elsindical.com.ar\/notas\/wp-json\/wp\/v2\/media?parent=29933"}],"wp:term":[{"taxonomy":"category","embeddable":true,"href":"https:\/\/www.elsindical.com.ar\/notas\/wp-json\/wp\/v2\/categories?post=29933"},{"taxonomy":"post_tag","embeddable":true,"href":"https:\/\/www.elsindical.com.ar\/notas\/wp-json\/wp\/v2\/tags?post=29933"}],"curies":[{"name":"wp","href":"https:\/\/api.w.org\/{rel}","templated":true}]}}