{"id":29882,"date":"2012-11-23T20:24:29","date_gmt":"2012-11-23T23:24:29","guid":{"rendered":"http:\/\/www.elsindical.com.ar\/notas\/?p=29882"},"modified":"2012-11-23T20:24:29","modified_gmt":"2012-11-23T23:24:29","slug":"la-justicia-ordeno-al-ministro-carlos-tomada-otorgar-la-inscripcion-a-la-union-informatica","status":"publish","type":"post","link":"https:\/\/www.elsindical.com.ar\/notas\/la-justicia-ordeno-al-ministro-carlos-tomada-otorgar-la-inscripcion-a-la-union-informatica\/","title":{"rendered":"La justicia orden\u00f3 al ministro Carlos Tomada otorgar la inscripci\u00f3n a la Uni\u00f3n Inform\u00e1tica"},"content":{"rendered":"<p style=\"text-align: justify;\"><a href=\"http:\/\/www.elsindical.com.ar\/notas\/var\/www\/html\/notas\/wp-content\/uploads\/2012\/11\/Uni\u00f3n-Inform\u00e1tica-puerta-MTN.jpg\"><img loading=\"lazy\" decoding=\"async\" class=\"alignleft size-medium wp-image-29883\" title=\"Uni\u00f3n-Inform\u00e1tica-puerta-MTN\" src=\"http:\/\/www.elsindical.com.ar\/notas\/var\/www\/html\/notas\/wp-content\/uploads\/2012\/11\/Uni\u00f3n-Inform\u00e1tica-puerta-MTN-288x300.jpg\" alt=\"\" width=\"288\" height=\"300\" srcset=\"https:\/\/www.elsindical.com.ar\/notas\/var\/www\/html\/notas\/wp-content\/uploads\/2012\/11\/Uni\u00f3n-Inform\u00e1tica-puerta-MTN-288x300.jpg 288w, https:\/\/www.elsindical.com.ar\/notas\/var\/www\/html\/notas\/wp-content\/uploads\/2012\/11\/Uni\u00f3n-Inform\u00e1tica-puerta-MTN.jpg 413w\" sizes=\"auto, (max-width: 288px) 100vw, 288px\" \/><\/a>La justicia fall\u00f3 a favor de la Uni\u00f3n Inform\u00e1tica en el juicio al Estado iniciado en agosto. El Ministerio de Trabajo deber\u00e1 finalizar el tr\u00e1mite dentro de los pr\u00f3ximos 10 d\u00edas. Un avance para todos los inform\u00e1ticos.<\/p>\n<p style=\"text-align: justify;\">A favor de los inform\u00e1ticos<\/p>\n<p style=\"text-align: justify;\">El juez de primera instancia fall\u00f3 a favor de la Uni\u00f3n Inform\u00e1tica en el amparo presentado por la demora del Ministerio de Trabajo en otorgar la inscripci\u00f3n gremial. El amparo fue presentado en agosto, y el pasado mi\u00e9rcoles 14 de noviembre se dio a conocer la sentencia. En ella se otorga un plazo de 10 d\u00edas al Ministerio para que resuelva el tr\u00e1mite iniciado en marzo de 2011, hace m\u00e1s de un a\u00f1o y medio.<\/p>\n<p style=\"text-align: justify;\">Un tr\u00e1mite, muchas vueltas<\/p>\n<p style=\"text-align: justify;\">En la sentencia, se detallan las reiteradas solicitudes que la Uni\u00f3n Inform\u00e1tica realiz\u00f3 al Ministerio de Trabajo por la pronta resoluci\u00f3n de su tr\u00e1mite de inscripci\u00f3n. Tambi\u00e9n da cuenta de las inexplicables demoras administrativas y en la respuesta a los pedidos de la Uni\u00f3n Inform\u00e1tica.\u00a0 Estas demoras fueron denunciadas con anterioridad al juicio, en una manifestaci\u00f3n realizada durante el mes de junio por los inform\u00e1ticos.<\/p>\n<p style=\"text-align: justify;\">Durante la protesta, el jefe de gabinete del Ministerio de Trabajo, Norberto Ciaravino, se reuni\u00f3 con el Secretario General, Pablo Dorin. En esa ocasi\u00f3n, afirm\u00f3 que s\u00f3lo faltaba la firma del Ministro de Trabajo Carlos Tomada. Sin embargo, en el fallo consta que tras la reuni\u00f3n el Ministerio solicit\u00f3 nuevas modificaciones al expediente, a\u00fan cuando se hallaban vencidos todos los plazos. Adem\u00e1s, el Dr. Ciaravino convoc\u00f3 a una reuni\u00f3n para la semana siguiente a la protesta, a la que no asisti\u00f3 ni ten\u00eda pensado asistir.<\/p>\n<p style=\"text-align: justify;\">Un avance para todos<\/p>\n<p style=\"text-align: justify;\">El fallo representa un reconocimiento de los reclamos que la Uni\u00f3n Inform\u00e1tica ha realizado durante el a\u00f1o y medio de demora por parte del Ministerio de Trabajo. Esto se ve reflejado tambi\u00e9n en el plazo de 10 d\u00edas establecido en la sentencia, siendo el plazo habitual de 30 d\u00edas para expedirse.<\/p>\n<p style=\"text-align: justify;\">Este nuevo avance no se trata exclusivamente de un logro para la Uni\u00f3n Inform\u00e1tica, sino que beneficiar\u00e1 a toda la comunidad inform\u00e1tica. Los miles de inform\u00e1ticos fuera de convenio, las pol\u00edticas abusivas de las empresas y los crecientes despidos en las multinacionales inform\u00e1ticas, son la prueba de la urgente necesidad de la validaci\u00f3n institucional de la Uni\u00f3n Inform\u00e1tica, tal como lo establece la ley.<\/p>\n<p style=\"text-align: justify;\">\n<p style=\"text-align: justify;\"><a href=\"http:\/\/unioninformatica.com.ar\/la-justicia-ordeno-a-tomada-otorgar-la-inscripcion-de-la-union-informatica\/\">LEER LA NOTICIA EN NUESTRO SITIO WEB<\/a><\/p>\n<p style=\"text-align: justify;\"><a href=\"http:\/\/es.scribd.com\/doc\/114130147\/Sentencia-del-Amparo-por-la-Inscripcion-Gremial\">LEER EL FALLO COMPLETO<\/a><\/p>\n<p style=\"text-align: justify;\">\u00a0Secretar\u00eda de Prensa\u00a0\u00a0\u00a0\u00a0\u00a0\u00a0\u00a0\u00a0\u00a0\u00a0\u00a0\u00a0\u00a0 UNI\u00d3N INFORM\u00c1TICA\u00a0\u00a0\u00a0\u00a0\u00a0\u00a0\u00a0\u00a0\u00a0\u00a0\u00a0\u00a0 <a href=\"mailto:prensa@unioninformatica.com.ar\">prensa@unioninformatica.com.ar<\/a> \u00a0011 (15) 62 30 45 81<\/p>\n","protected":false},"excerpt":{"rendered":"<p>La justicia fall\u00f3 a favor de la Uni\u00f3n Inform\u00e1tica en el juicio al Estado iniciado en agosto. El Ministerio de Trabajo deber\u00e1 finalizar el tr\u00e1mite dentro de los pr\u00f3ximos 10 d\u00edas. Un avance para todos los inform\u00e1ticos. A favor de los inform\u00e1ticos El juez de primera instancia fall\u00f3 a favor de la Uni\u00f3n Inform\u00e1tica en&hellip;<\/p>\n","protected":false},"author":1,"featured_media":0,"comment_status":"open","ping_status":"open","sticky":false,"template":"","format":"standard","meta":{"footnotes":""},"categories":[16],"tags":[41,5639,12097,1258],"class_list":["post-29882","post","type-post","status-publish","format-standard","hentry","category-gremiales","tag-justicia","tag-ministerio-de-trabajo-de-la-nacion","tag-union-informatica","tag-web"],"_links":{"self":[{"href":"https:\/\/www.elsindical.com.ar\/notas\/wp-json\/wp\/v2\/posts\/29882","targetHints":{"allow":["GET"]}}],"collection":[{"href":"https:\/\/www.elsindical.com.ar\/notas\/wp-json\/wp\/v2\/posts"}],"about":[{"href":"https:\/\/www.elsindical.com.ar\/notas\/wp-json\/wp\/v2\/types\/post"}],"author":[{"embeddable":true,"href":"https:\/\/www.elsindical.com.ar\/notas\/wp-json\/wp\/v2\/users\/1"}],"replies":[{"embeddable":true,"href":"https:\/\/www.elsindical.com.ar\/notas\/wp-json\/wp\/v2\/comments?post=29882"}],"version-history":[{"count":2,"href":"https:\/\/www.elsindical.com.ar\/notas\/wp-json\/wp\/v2\/posts\/29882\/revisions"}],"predecessor-version":[{"id":29885,"href":"https:\/\/www.elsindical.com.ar\/notas\/wp-json\/wp\/v2\/posts\/29882\/revisions\/29885"}],"wp:attachment":[{"href":"https:\/\/www.elsindical.com.ar\/notas\/wp-json\/wp\/v2\/media?parent=29882"}],"wp:term":[{"taxonomy":"category","embeddable":true,"href":"https:\/\/www.elsindical.com.ar\/notas\/wp-json\/wp\/v2\/categories?post=29882"},{"taxonomy":"post_tag","embeddable":true,"href":"https:\/\/www.elsindical.com.ar\/notas\/wp-json\/wp\/v2\/tags?post=29882"}],"curies":[{"name":"wp","href":"https:\/\/api.w.org\/{rel}","templated":true}]}}